{"id":46149,"date":"2023-08-17T10:12:11","date_gmt":"2023-08-17T13:12:11","guid":{"rendered":"https:\/\/infovera.com.ar\/web\/?p=46149"},"modified":"2023-08-17T10:12:11","modified_gmt":"2023-08-17T13:12:11","slug":"todos-los-clasificados-del-norte-a-los-juegos-nacionales-evita-2023","status":"publish","type":"post","link":"https:\/\/infovera.com.ar\/web\/2023\/08\/17\/todos-los-clasificados-del-norte-a-los-juegos-nacionales-evita-2023\/","title":{"rendered":"Todos los clasificados del norte a los Juegos Nacionales Evita 2023"},"content":{"rendered":"<p>Juegos Santafesinos (segunda fase Santa Fe).<\/p>\n<p>Este martes 15 y este mi\u00e9rcoles 16 de agosto se disput\u00f3 en la ciudad de Santa Fe la segunda de las tres fases provinciales de los Juegos Santafesinos 2023.<\/p>\n<p>De all\u00ed surgieron los nuevos clasificados a los Juegos Nacionales Evita 2023.<\/p>\n<p>La Normal en Futsal Masculino, Bomberos de Villa Ocampo en Voley Masculino Sub 15 y el equipo de Atletismo integrado por Paulina Mart\u00ednez, Bianca Guti\u00e9rrez, Pablo Medina, Santiago M\u00e1rquez y Valentino Molina inscribieron sus nombres y son los clasificados a los Juegos Nacionales Evita Mar del Plata 2023.<\/p>\n<p>Todo finalizar\u00e1 el mi\u00e9rcoles 30 y el jueves 31 de agosto con la Tercera Fase en la ciudad de Rafaela.<\/p>\n<p><a href=\"https:\/\/infovera.com.ar\/web\/wp-content\/uploads\/2023\/08\/evita-1.jpg\"><img loading=\"lazy\" decoding=\"async\" class=\"alignleft size-full wp-image-46151\" src=\"https:\/\/infovera.com.ar\/web\/wp-content\/uploads\/2023\/08\/evita-1.jpg\" alt=\"\" width=\"1024\" height=\"576\" srcset=\"https:\/\/infovera.com.ar\/web\/wp-content\/uploads\/2023\/08\/evita-1.jpg 1024w, https:\/\/infovera.com.ar\/web\/wp-content\/uploads\/2023\/08\/evita-1-696x392.jpg 696w, https:\/\/infovera.com.ar\/web\/wp-content\/uploads\/2023\/08\/evita-1-747x420.jpg 747w\" sizes=\"auto, (max-width: 1024px) 100vw, 1024px\" \/><\/a><\/p>\n<p><strong>Santa Fe &#8211; Resultados finales &#8211; Regi\u00f3n 1 (Obligado, Vera y San Javier)<\/strong><\/p>\n<p><strong>Clasificados<\/strong><\/p>\n<p>Futsal Sub 15 Masculino<br \/>\n1\u00ba Escuela N\u00ba 203 Normal de Reconquista<\/p>\n<p>Voley Masculino Sub 15<br \/>\n1\u00ba Bomberos Voley de Villa Ocampo<\/p>\n<p>Atletismo<br \/>\nPaulina Mart\u00ednez salto en largo Instituto Reconquista<br \/>\nBianca Guti\u00e9rrez 80 metros con vallas Instituto Reconquista<br \/>\nPablo Medina Jabalina Escuela de Comercio Reconquista<br \/>\nSantiago M\u00e1rquez 80 metros llanos Paraje el 29<br \/>\nValentino Molina 2000 y 800 metros Romang<\/p>\n<p>El resto<br \/>\nFutsal Sub 15 Femenino<br \/>\n2\u00ba Escuela N\u00ba 523 Barrio Guadalupe<\/p>\n<p>F\u00fatbol 11 Sub 14 Masculino<br \/>\n2\u00ba Escuela N\u00ba 385 Susana Maglione Reconquista<\/p>\n<p>Handball de Playa Sub 14 Femenino<br \/>\n2\u00ba Subsecretar\u00eda de Deportes Reconquista<\/p>\n<p>Hockey Sub 16 Masculino<br \/>\n2\u00ba Comuna de Tacuarend\u00ed<\/p>\n<p>Handball Sub 16 Femenino<br \/>\n3\u00ba Pumas de Avellaneda<\/p>\n<p>Voley de Playa Sub 14 Masculino<br \/>\n3\u00ba Colegio Virgen Ni\u00f1a de Villa Ocampo<\/p>\n<p>Cestobol Sub 14 Femenino<br \/>\n3\u00ba Escuela N\u00ba 8206 Roberto Vicent\u00edn Avellaneda<\/p>\n<p>Handball de Playa Sub 14 Masculino<br \/>\n4\u00ba Pumas de Avellaneda<\/p>\n<p>Voley de Playa Sub 14 Femenino<br \/>\n4\u00ba Colegio Virgen Ni\u00f1a de Villa Ocampo<\/p>\n<p>Hockey Sub 16 Femenino<br \/>\n4\u00ba Atl\u00e9tico Adelante<\/p>\n<p>Voley Sub 15 Femenino<br \/>\n4\u00ba Atl\u00e9tico Adelante<\/p>\n<p>Handball Sub 16 Masculino<br \/>\n4\u00ba Pumas de Avellaneda<\/p>\n<p>Rugby Sub 16 Masculino<br \/>\n5\u00ba Pucar\u00e1 Rugby Club<\/p>\n","protected":false},"excerpt":{"rendered":"<p>Juegos Santafesinos (segunda fase Santa Fe). Este martes 15 y este mi\u00e9rcoles 16 de agosto se disput\u00f3 en la ciudad de Santa Fe la segunda de las tres fases provinciales de los Juegos Santafesinos 2023. De all\u00ed surgieron los nuevos clasificados a los Juegos Nacionales Evita 2023. La Normal en Futsal Masculino, Bomberos de Villa [&hellip;]<\/p>\n","protected":false},"author":3,"featured_media":46150,"comment_status":"closed","ping_status":"closed","sticky":false,"template":"","format":"standard","meta":{"_joinchat":[],"footnotes":""},"categories":[31,51],"tags":[],"class_list":{"0":"post-46149","1":"post","2":"type-post","3":"status-publish","4":"format-standard","5":"has-post-thumbnail","7":"category-deportes","8":"category-locales"},"_links":{"self":[{"href":"https:\/\/infovera.com.ar\/web\/wp-json\/wp\/v2\/posts\/46149","targetHints":{"allow":["GET"]}}],"collection":[{"href":"https:\/\/infovera.com.ar\/web\/wp-json\/wp\/v2\/posts"}],"about":[{"href":"https:\/\/infovera.com.ar\/web\/wp-json\/wp\/v2\/types\/post"}],"author":[{"embeddable":true,"href":"https:\/\/infovera.com.ar\/web\/wp-json\/wp\/v2\/users\/3"}],"replies":[{"embeddable":true,"href":"https:\/\/infovera.com.ar\/web\/wp-json\/wp\/v2\/comments?post=46149"}],"version-history":[{"count":0,"href":"https:\/\/infovera.com.ar\/web\/wp-json\/wp\/v2\/posts\/46149\/revisions"}],"wp:featuredmedia":[{"embeddable":true,"href":"https:\/\/infovera.com.ar\/web\/wp-json\/wp\/v2\/media\/46150"}],"wp:attachment":[{"href":"https:\/\/infovera.com.ar\/web\/wp-json\/wp\/v2\/media?parent=46149"}],"wp:term":[{"taxonomy":"category","embeddable":true,"href":"https:\/\/infovera.com.ar\/web\/wp-json\/wp\/v2\/categories?post=46149"},{"taxonomy":"post_tag","embeddable":true,"href":"https:\/\/infovera.com.ar\/web\/wp-json\/wp\/v2\/tags?post=46149"}],"curies":[{"name":"wp","href":"https:\/\/api.w.org\/{rel}","templated":true}]}}