{"id":46144,"date":"2023-08-17T09:25:26","date_gmt":"2023-08-17T12:25:26","guid":{"rendered":"https:\/\/infovera.com.ar\/web\/?p=46144"},"modified":"2023-08-18T09:43:09","modified_gmt":"2023-08-18T12:43:09","slug":"vera-piden-informes-al-juzgado-de-faltas-por-la-clausura-definitiva-de-un-predio","status":"publish","type":"post","link":"https:\/\/infovera.com.ar\/web\/2023\/08\/17\/vera-piden-informes-al-juzgado-de-faltas-por-la-clausura-definitiva-de-un-predio\/","title":{"rendered":"Vera: piden informes al Juzgado de Faltas por la clausura definitiva de un predio"},"content":{"rendered":"<p>En audiencia p\u00fablica, el Concejo de Vera recibi\u00f3 en el recinto de sesiones al empresario Hern\u00e1n Viano quien expuso sobre la denuncia realizada a la intendente Paula Mitre y a la jueza de Faltas Corel Zampar.<\/p>\n<p>En la presentaci\u00f3n judicial, Viano las acus\u00f3 por &#8220;discriminaci\u00f3n&#8221; por la clausura definitiva de un predio al que le atribuye la jueza de Faltas a la firma \u201cLaguna Limpia SRL\u201d.<\/p>\n<p>En su descargo, Viano se\u00f1al\u00f3 que el procedimiento del municipio, supuestamente, contiene graves falencias entre las que cit\u00f3 ante los ediles que \u00e9l no es autoridad ni representante legal de la firma Laguna Limpia SRL, motivo por el cual la sanci\u00f3n aplicada deviene manifiestamente &#8220;improcedente&#8221;.<\/p>\n<p>En tanto, sostuvo que el predio al que hace referencia la resoluci\u00f3n, que corresponde a la firma El Indio se encuentra sito en Ruta 11 km 722\/23, es decir en id\u00e9ntica circunstancia e inmediaciones de numerosos predios rurales donde habitan animales vacunos y que hace las veces de &#8220;franca contradicci\u00f3n y, esencialmente, de discriminaci\u00f3n que la actuaci\u00f3n no lo sea para todas las personas sean f\u00edsicas o jur\u00eddicas en igualdad de condiciones&#8221;.<\/p>\n<p>Luego de escuchar su relato, los concejales resolvieron solicitar informe de lo actuado al Juzgado de Faltas Municipal y a la oficina del Senasa local.<\/p>\n<p><strong>De inter\u00e9s<\/strong><\/p>\n<p>Se aprob\u00f3 por unanimidad un Proyecto de Resoluci\u00f3n del bloque Sumemos Esfuerzos solicitando declarar de Inter\u00e9s Educativo la charla \u201cComo relacionarnos con una persona con autismo\u201d, organizado por la Asociaci\u00f3n Civil Teresa Misionera de la Caridad el d\u00eda 25 de Agosto a las 18.<\/p>\n<p>Estar\u00e1 a cargo de la Lic. Psic\u00f3loga Gisela Lovisa y la Lic. Psicopedagoga Natalia Sena se realizar\u00e1 en la Vecinal San Mart\u00edn y el costo de la capacitaci\u00f3n es un alimento no perecedero que ser\u00e1 donado al comedor de la Vecinal Mart\u00edn Fierro.<\/p>\n<p>Adem\u00e1s, el Concejo dio luz verde a un Proyecto de Resoluci\u00f3n del bloque UCR solicitando a la Corte Suprema de Justicia de la Provincia de Santa Fe, la posibilidad de incorporar distintos medios de pago en los tr\u00e1mites a realizarse dentro del poder judicial santafesino.<\/p>\n<p>&nbsp;<\/p>\n","protected":false},"excerpt":{"rendered":"<p>En audiencia p\u00fablica, el Concejo de Vera recibi\u00f3 en el recinto de sesiones al empresario Hern\u00e1n Viano quien expuso sobre la denuncia realizada a la intendente Paula Mitre y a la jueza de Faltas Corel Zampar. En la presentaci\u00f3n judicial, Viano las acus\u00f3 por &#8220;discriminaci\u00f3n&#8221; por la clausura definitiva de un predio al que le [&hellip;]<\/p>\n","protected":false},"author":3,"featured_media":46145,"comment_status":"closed","ping_status":"closed","sticky":false,"template":"","format":"standard","meta":{"_joinchat":[],"footnotes":""},"categories":[53],"tags":[],"class_list":{"0":"post-46144","1":"post","2":"type-post","3":"status-publish","4":"format-standard","5":"has-post-thumbnail","7":"category-vera"},"_links":{"self":[{"href":"https:\/\/infovera.com.ar\/web\/wp-json\/wp\/v2\/posts\/46144","targetHints":{"allow":["GET"]}}],"collection":[{"href":"https:\/\/infovera.com.ar\/web\/wp-json\/wp\/v2\/posts"}],"about":[{"href":"https:\/\/infovera.com.ar\/web\/wp-json\/wp\/v2\/types\/post"}],"author":[{"embeddable":true,"href":"https:\/\/infovera.com.ar\/web\/wp-json\/wp\/v2\/users\/3"}],"replies":[{"embeddable":true,"href":"https:\/\/infovera.com.ar\/web\/wp-json\/wp\/v2\/comments?post=46144"}],"version-history":[{"count":0,"href":"https:\/\/infovera.com.ar\/web\/wp-json\/wp\/v2\/posts\/46144\/revisions"}],"wp:featuredmedia":[{"embeddable":true,"href":"https:\/\/infovera.com.ar\/web\/wp-json\/wp\/v2\/media\/46145"}],"wp:attachment":[{"href":"https:\/\/infovera.com.ar\/web\/wp-json\/wp\/v2\/media?parent=46144"}],"wp:term":[{"taxonomy":"category","embeddable":true,"href":"https:\/\/infovera.com.ar\/web\/wp-json\/wp\/v2\/categories?post=46144"},{"taxonomy":"post_tag","embeddable":true,"href":"https:\/\/infovera.com.ar\/web\/wp-json\/wp\/v2\/tags?post=46144"}],"curies":[{"name":"wp","href":"https:\/\/api.w.org\/{rel}","templated":true}]}}