{"id":46141,"date":"2023-08-17T09:12:37","date_gmt":"2023-08-17T12:12:37","guid":{"rendered":"https:\/\/infovera.com.ar\/web\/?p=46141"},"modified":"2023-08-17T09:12:37","modified_gmt":"2023-08-17T12:12:37","slug":"sosa-se-reunio-con-vecinos-del-38","status":"publish","type":"post","link":"https:\/\/infovera.com.ar\/web\/2023\/08\/17\/sosa-se-reunio-con-vecinos-del-38\/","title":{"rendered":"Sosa se reuni\u00f3 con vecinos del 38"},"content":{"rendered":"<p>Junto a su equipo de trabajo local, y acompa\u00f1ados por el jefe de zona de la Empresa Provincial de la Energ\u00eda, Daniel Pitano, el legislador se reuni\u00f3 con m\u00e1s de 30 vecinos del KM 38 perteneciente al distrito de La Gallareta, encuadrados en el FER (Fondo de Electrificaci\u00f3n Rural).<\/p>\n<p>&#8220;Siempre que nos informan de los diferentes expedientes que pertenecen a nuestro departamento, le damos un seguimiento para seguir avanzando. Despu\u00e9s de haber detectado relevamientos y firmas faltantes, se cumpliment\u00f3 con los tramites, y tambi\u00e9n se les hizo conocer a los beneficiarios, el transcurso del expediente en las distintas etapas del proceso. Poder avanzar en obras que van a cambiar directamente la calidad de vida de la gente, generando arraigo y producci\u00f3n, es una excelente noticia para nuestro pueblos&#8221;, consign\u00f3 el senador Osvaldo Sosa.<\/p>\n","protected":false},"excerpt":{"rendered":"<p>Junto a su equipo de trabajo local, y acompa\u00f1ados por el jefe de zona de la Empresa Provincial de la Energ\u00eda, Daniel Pitano, el legislador se reuni\u00f3 con m\u00e1s de 30 vecinos del KM 38 perteneciente al distrito de La Gallareta, encuadrados en el FER (Fondo de Electrificaci\u00f3n Rural). &#8220;Siempre que nos informan de los [&hellip;]<\/p>\n","protected":false},"author":3,"featured_media":46142,"comment_status":"closed","ping_status":"closed","sticky":false,"template":"","format":"standard","meta":{"_joinchat":[],"footnotes":""},"categories":[53],"tags":[],"class_list":{"0":"post-46141","1":"post","2":"type-post","3":"status-publish","4":"format-standard","5":"has-post-thumbnail","7":"category-vera"},"_links":{"self":[{"href":"https:\/\/infovera.com.ar\/web\/wp-json\/wp\/v2\/posts\/46141","targetHints":{"allow":["GET"]}}],"collection":[{"href":"https:\/\/infovera.com.ar\/web\/wp-json\/wp\/v2\/posts"}],"about":[{"href":"https:\/\/infovera.com.ar\/web\/wp-json\/wp\/v2\/types\/post"}],"author":[{"embeddable":true,"href":"https:\/\/infovera.com.ar\/web\/wp-json\/wp\/v2\/users\/3"}],"replies":[{"embeddable":true,"href":"https:\/\/infovera.com.ar\/web\/wp-json\/wp\/v2\/comments?post=46141"}],"version-history":[{"count":0,"href":"https:\/\/infovera.com.ar\/web\/wp-json\/wp\/v2\/posts\/46141\/revisions"}],"wp:featuredmedia":[{"embeddable":true,"href":"https:\/\/infovera.com.ar\/web\/wp-json\/wp\/v2\/media\/46142"}],"wp:attachment":[{"href":"https:\/\/infovera.com.ar\/web\/wp-json\/wp\/v2\/media?parent=46141"}],"wp:term":[{"taxonomy":"category","embeddable":true,"href":"https:\/\/infovera.com.ar\/web\/wp-json\/wp\/v2\/categories?post=46141"},{"taxonomy":"post_tag","embeddable":true,"href":"https:\/\/infovera.com.ar\/web\/wp-json\/wp\/v2\/tags?post=46141"}],"curies":[{"name":"wp","href":"https:\/\/api.w.org\/{rel}","templated":true}]}}