{"id":46077,"date":"2023-08-14T16:37:02","date_gmt":"2023-08-14T19:37:02","guid":{"rendered":"https:\/\/infovera.com.ar\/web\/?p=46077"},"modified":"2023-08-14T16:38:19","modified_gmt":"2023-08-14T19:38:19","slug":"se-conmemora-el-dia-nacional-de-la-mujer-policia","status":"publish","type":"post","link":"https:\/\/infovera.com.ar\/web\/2023\/08\/14\/se-conmemora-el-dia-nacional-de-la-mujer-policia\/","title":{"rendered":"Se conmemora el D\u00eda Nacional de la Mujer Polic\u00eda"},"content":{"rendered":"<p>Hoy se celebra el D\u00eda Nacional de la Mujer Polic\u00eda en homenaje a \u00c9rica Beatriz Bercich L\u00f3pez, primera mujer polic\u00eda ca\u00edda en acto de servicio.<\/p>\n<p>Este d\u00eda representa un importante reconocimiento a las fuerzas de seguridad y en espacial al rol del muer en el \u00e1mbito policial.<\/p>\n<p>En la UR XIX, departamento Vera, cumplen funciones 156 funcionarias policiales de seguridad y 8 empleadas administrativas, haciendo un total de 164 mujeres polic\u00edas en la dependencia.<\/p>\n","protected":false},"excerpt":{"rendered":"<p>Hoy se celebra el D\u00eda Nacional de la Mujer Polic\u00eda en homenaje a \u00c9rica Beatriz Bercich L\u00f3pez, primera mujer polic\u00eda ca\u00edda en acto de servicio. Este d\u00eda representa un importante reconocimiento a las fuerzas de seguridad y en espacial al rol del muer en el \u00e1mbito policial. En la UR XIX, departamento Vera, cumplen funciones [&hellip;]<\/p>\n","protected":false},"author":3,"featured_media":46078,"comment_status":"closed","ping_status":"closed","sticky":false,"template":"","format":"standard","meta":{"_joinchat":[],"footnotes":""},"categories":[53],"tags":[],"class_list":{"0":"post-46077","1":"post","2":"type-post","3":"status-publish","4":"format-standard","5":"has-post-thumbnail","7":"category-vera"},"_links":{"self":[{"href":"https:\/\/infovera.com.ar\/web\/wp-json\/wp\/v2\/posts\/46077","targetHints":{"allow":["GET"]}}],"collection":[{"href":"https:\/\/infovera.com.ar\/web\/wp-json\/wp\/v2\/posts"}],"about":[{"href":"https:\/\/infovera.com.ar\/web\/wp-json\/wp\/v2\/types\/post"}],"author":[{"embeddable":true,"href":"https:\/\/infovera.com.ar\/web\/wp-json\/wp\/v2\/users\/3"}],"replies":[{"embeddable":true,"href":"https:\/\/infovera.com.ar\/web\/wp-json\/wp\/v2\/comments?post=46077"}],"version-history":[{"count":0,"href":"https:\/\/infovera.com.ar\/web\/wp-json\/wp\/v2\/posts\/46077\/revisions"}],"wp:featuredmedia":[{"embeddable":true,"href":"https:\/\/infovera.com.ar\/web\/wp-json\/wp\/v2\/media\/46078"}],"wp:attachment":[{"href":"https:\/\/infovera.com.ar\/web\/wp-json\/wp\/v2\/media?parent=46077"}],"wp:term":[{"taxonomy":"category","embeddable":true,"href":"https:\/\/infovera.com.ar\/web\/wp-json\/wp\/v2\/categories?post=46077"},{"taxonomy":"post_tag","embeddable":true,"href":"https:\/\/infovera.com.ar\/web\/wp-json\/wp\/v2\/tags?post=46077"}],"curies":[{"name":"wp","href":"https:\/\/api.w.org\/{rel}","templated":true}]}}