{"id":46033,"date":"2023-08-12T10:33:45","date_gmt":"2023-08-12T13:33:45","guid":{"rendered":"https:\/\/infovera.com.ar\/web\/?p=46033"},"modified":"2023-08-12T10:33:45","modified_gmt":"2023-08-12T13:33:45","slug":"comienza-la-liga-femenina-de-futbol","status":"publish","type":"post","link":"https:\/\/infovera.com.ar\/web\/2023\/08\/12\/comienza-la-liga-femenina-de-futbol\/","title":{"rendered":"Comienza la Liga Femenina de F\u00fatbol"},"content":{"rendered":"<p>Este fin de semana no habr\u00e1 partidos de liga de Primera ni Reserva de la LVF.<\/p>\n<p>Juegan inferiores ambas zonas y comienza el d\u00eda s\u00e1bado en la cancha del Gimnasia la Liga Femenina con cuatros partidos, esto son los horarios:<\/p>\n<p><a href=\"https:\/\/infovera.com.ar\/web\/wp-content\/uploads\/2023\/08\/liga-2.jpg\"><img loading=\"lazy\" decoding=\"async\" class=\"alignleft size-full wp-image-46036\" src=\"https:\/\/infovera.com.ar\/web\/wp-content\/uploads\/2023\/08\/liga-2.jpg\" alt=\"\" width=\"800\" height=\"679\" srcset=\"https:\/\/infovera.com.ar\/web\/wp-content\/uploads\/2023\/08\/liga-2.jpg 800w, https:\/\/infovera.com.ar\/web\/wp-content\/uploads\/2023\/08\/liga-2-696x591.jpg 696w, https:\/\/infovera.com.ar\/web\/wp-content\/uploads\/2023\/08\/liga-2-495x420.jpg 495w\" sizes=\"auto, (max-width: 800px) 100vw, 800px\" \/><\/a><\/p>\n<p><a href=\"https:\/\/infovera.com.ar\/web\/wp-content\/uploads\/2023\/08\/liga-1.jpg\"><img loading=\"lazy\" decoding=\"async\" class=\"alignleft size-full wp-image-46035\" src=\"https:\/\/infovera.com.ar\/web\/wp-content\/uploads\/2023\/08\/liga-1.jpg\" alt=\"\" width=\"798\" height=\"673\" srcset=\"https:\/\/infovera.com.ar\/web\/wp-content\/uploads\/2023\/08\/liga-1.jpg 798w, https:\/\/infovera.com.ar\/web\/wp-content\/uploads\/2023\/08\/liga-1-696x587.jpg 696w, https:\/\/infovera.com.ar\/web\/wp-content\/uploads\/2023\/08\/liga-1-498x420.jpg 498w\" sizes=\"auto, (max-width: 798px) 100vw, 798px\" \/><\/a><\/p>\n<p>&nbsp;<\/p>\n","protected":false},"excerpt":{"rendered":"<p>Este fin de semana no habr\u00e1 partidos de liga de Primera ni Reserva de la LVF. Juegan inferiores ambas zonas y comienza el d\u00eda s\u00e1bado en la cancha del Gimnasia la Liga Femenina con cuatros partidos, esto son los horarios: &nbsp;<\/p>\n","protected":false},"author":3,"featured_media":46034,"comment_status":"closed","ping_status":"closed","sticky":false,"template":"","format":"standard","meta":{"_joinchat":[],"footnotes":""},"categories":[31,35,53],"tags":[],"class_list":{"0":"post-46033","1":"post","2":"type-post","3":"status-publish","4":"format-standard","5":"has-post-thumbnail","7":"category-deportes","8":"category-futbol","9":"category-vera"},"_links":{"self":[{"href":"https:\/\/infovera.com.ar\/web\/wp-json\/wp\/v2\/posts\/46033","targetHints":{"allow":["GET"]}}],"collection":[{"href":"https:\/\/infovera.com.ar\/web\/wp-json\/wp\/v2\/posts"}],"about":[{"href":"https:\/\/infovera.com.ar\/web\/wp-json\/wp\/v2\/types\/post"}],"author":[{"embeddable":true,"href":"https:\/\/infovera.com.ar\/web\/wp-json\/wp\/v2\/users\/3"}],"replies":[{"embeddable":true,"href":"https:\/\/infovera.com.ar\/web\/wp-json\/wp\/v2\/comments?post=46033"}],"version-history":[{"count":0,"href":"https:\/\/infovera.com.ar\/web\/wp-json\/wp\/v2\/posts\/46033\/revisions"}],"wp:featuredmedia":[{"embeddable":true,"href":"https:\/\/infovera.com.ar\/web\/wp-json\/wp\/v2\/media\/46034"}],"wp:attachment":[{"href":"https:\/\/infovera.com.ar\/web\/wp-json\/wp\/v2\/media?parent=46033"}],"wp:term":[{"taxonomy":"category","embeddable":true,"href":"https:\/\/infovera.com.ar\/web\/wp-json\/wp\/v2\/categories?post=46033"},{"taxonomy":"post_tag","embeddable":true,"href":"https:\/\/infovera.com.ar\/web\/wp-json\/wp\/v2\/tags?post=46033"}],"curies":[{"name":"wp","href":"https:\/\/api.w.org\/{rel}","templated":true}]}}