{"id":46013,"date":"2023-08-10T18:53:52","date_gmt":"2023-08-10T21:53:52","guid":{"rendered":"https:\/\/infovera.com.ar\/web\/?p=46013"},"modified":"2023-08-12T12:11:59","modified_gmt":"2023-08-12T15:11:59","slug":"en-vera-hubo-una-sola-mocion-la-docencia-santafesina-acepto-la-propuesta-salarial","status":"publish","type":"post","link":"https:\/\/infovera.com.ar\/web\/2023\/08\/10\/en-vera-hubo-una-sola-mocion-la-docencia-santafesina-acepto-la-propuesta-salarial\/","title":{"rendered":"En Vera hubo una sola moci\u00f3n: la docencia santafesina acept\u00f3 la propuesta salarial"},"content":{"rendered":"<p>En una votaci\u00f3n sumamente re\u00f1ida, la docencia p\u00fablica nucleada en Amsafe decidi\u00f3 aceptar la oferta de aumento salarial -del 51% en varios tramos- que le present\u00f3 el gobierno de la provincia, en consonancia con los gremios de la administraci\u00f3n central.<\/p>\n<p>En la asamblea provincial del gremio se contabilizaron los sufragios de los maestros y el resultado se conoci\u00f3 en la tarde de este jueves: 15.075 votos por aceptar y 14.861 por rechazar.<\/p>\n<p>La diferencia es de apenas 214 sufragios -de un total de 30.153-, pero alcanz\u00f3 para que la provincia de Santa Fe tenga un segundo semestre de clases, sin paros. Tambi\u00e9n hubo 123 votos en blanco y 97 abstenciones.<\/p>\n<p>En Vera, hubo una sola moci\u00f3n puesta consideraci\u00f3n de la docencia: Aceptar la propuesta.<\/p>\n<p><strong>Sadop<\/strong><\/p>\n<p>El Sindicato Argentino de Docentes Particulares (Sadop), tambi\u00e9n resolvi\u00f3 aceptar la propuesta salarial por el 67 % de los votos, seg\u00fan se conoci\u00f3 tras realizarse sendas asambleas de delegados de las seccionales Santa Fe y Rosario, que luego se amalgaman en una definici\u00f3n com\u00fan de car\u00e1cter provincial.<\/p>\n","protected":false},"excerpt":{"rendered":"<p>En una votaci\u00f3n sumamente re\u00f1ida, la docencia p\u00fablica nucleada en Amsafe decidi\u00f3 aceptar la oferta de aumento salarial -del 51% en varios tramos- que le present\u00f3 el gobierno de la provincia, en consonancia con los gremios de la administraci\u00f3n central. En la asamblea provincial del gremio se contabilizaron los sufragios de los maestros y el [&hellip;]<\/p>\n","protected":false},"author":3,"featured_media":39495,"comment_status":"closed","ping_status":"closed","sticky":false,"template":"","format":"standard","meta":{"_joinchat":[],"footnotes":""},"categories":[53],"tags":[],"class_list":{"0":"post-46013","1":"post","2":"type-post","3":"status-publish","4":"format-standard","5":"has-post-thumbnail","7":"category-vera"},"_links":{"self":[{"href":"https:\/\/infovera.com.ar\/web\/wp-json\/wp\/v2\/posts\/46013","targetHints":{"allow":["GET"]}}],"collection":[{"href":"https:\/\/infovera.com.ar\/web\/wp-json\/wp\/v2\/posts"}],"about":[{"href":"https:\/\/infovera.com.ar\/web\/wp-json\/wp\/v2\/types\/post"}],"author":[{"embeddable":true,"href":"https:\/\/infovera.com.ar\/web\/wp-json\/wp\/v2\/users\/3"}],"replies":[{"embeddable":true,"href":"https:\/\/infovera.com.ar\/web\/wp-json\/wp\/v2\/comments?post=46013"}],"version-history":[{"count":0,"href":"https:\/\/infovera.com.ar\/web\/wp-json\/wp\/v2\/posts\/46013\/revisions"}],"wp:featuredmedia":[{"embeddable":true,"href":"https:\/\/infovera.com.ar\/web\/wp-json\/wp\/v2\/media\/39495"}],"wp:attachment":[{"href":"https:\/\/infovera.com.ar\/web\/wp-json\/wp\/v2\/media?parent=46013"}],"wp:term":[{"taxonomy":"category","embeddable":true,"href":"https:\/\/infovera.com.ar\/web\/wp-json\/wp\/v2\/categories?post=46013"},{"taxonomy":"post_tag","embeddable":true,"href":"https:\/\/infovera.com.ar\/web\/wp-json\/wp\/v2\/tags?post=46013"}],"curies":[{"name":"wp","href":"https:\/\/api.w.org\/{rel}","templated":true}]}}