{"id":46008,"date":"2023-08-10T18:44:33","date_gmt":"2023-08-10T21:44:33","guid":{"rendered":"https:\/\/infovera.com.ar\/web\/?p=46008"},"modified":"2023-08-12T12:12:41","modified_gmt":"2023-08-12T15:12:41","slug":"pedido-para-que-pongan-un-cuidador-en-los-juegos-de-plaza-independencia","status":"publish","type":"post","link":"https:\/\/infovera.com.ar\/web\/2023\/08\/10\/pedido-para-que-pongan-un-cuidador-en-los-juegos-de-plaza-independencia\/","title":{"rendered":"Pedido para que pongan un cuidador en los juegos de Plaza Independencia"},"content":{"rendered":"<p>Una madre y su peque\u00f1o hijo vivieron una fea situaci\u00f3n en el tobog\u00e1n del espacio p\u00fablico verense.<\/p>\n<p>Una mam\u00e1 de Vera se comunic\u00f3 con InfoVera para expresar su preocupaci\u00f3n por lo vivido en la tarde de este jueves en Plaza Independencia.<\/p>\n<p>La mujer cont\u00f3 que &#8220;hoy pase una situaci\u00f3n horrible con mi hijo de 3 a\u00f1os. Lo quer\u00edan empujar desde arriba para largarlo por el tobog\u00e1n y adentro en los tubos del tobog\u00e1n hab\u00eda algo que no dejaba que se deslice. Fue una situaci\u00f3n horrible&#8221;.<\/p>\n<p>&#8220;Pido por favor que hagan algo. Para que no le ocurra a otro nene\/a&#8221;, lo mismo, solicit\u00f3.<\/p>\n<p>En ese sentido, reclam\u00f3: &#8220;Quer\u00eda pedir por favor que en la Plaza Independencia pongan un placero. Debido a que chicos entre 10 y 12 a\u00f1os ponen cosas en los tubos del tobog\u00e1n para que cuando se suben los ni\u00f1os m\u00e1s peque\u00f1os no se puedan bajar&#8221;.<\/p>\n<p><a href=\"https:\/\/infovera.com.ar\/web\/wp-content\/uploads\/2023\/08\/wh.png\"><img loading=\"lazy\" decoding=\"async\" class=\"alignleft size-full wp-image-46011\" src=\"https:\/\/infovera.com.ar\/web\/wp-content\/uploads\/2023\/08\/wh.png\" alt=\"\" width=\"1040\" height=\"141\" srcset=\"https:\/\/infovera.com.ar\/web\/wp-content\/uploads\/2023\/08\/wh.png 1040w, https:\/\/infovera.com.ar\/web\/wp-content\/uploads\/2023\/08\/wh-696x94.png 696w\" sizes=\"auto, (max-width: 1040px) 100vw, 1040px\" \/><\/a><\/p>\n","protected":false},"excerpt":{"rendered":"<p>Una madre y su peque\u00f1o hijo vivieron una fea situaci\u00f3n en el tobog\u00e1n del espacio p\u00fablico verense. Una mam\u00e1 de Vera se comunic\u00f3 con InfoVera para expresar su preocupaci\u00f3n por lo vivido en la tarde de este jueves en Plaza Independencia. La mujer cont\u00f3 que &#8220;hoy pase una situaci\u00f3n horrible con mi hijo de 3 [&hellip;]<\/p>\n","protected":false},"author":3,"featured_media":46009,"comment_status":"closed","ping_status":"closed","sticky":false,"template":"","format":"standard","meta":{"_joinchat":[],"footnotes":""},"categories":[53],"tags":[],"class_list":{"0":"post-46008","1":"post","2":"type-post","3":"status-publish","4":"format-standard","5":"has-post-thumbnail","7":"category-vera"},"_links":{"self":[{"href":"https:\/\/infovera.com.ar\/web\/wp-json\/wp\/v2\/posts\/46008","targetHints":{"allow":["GET"]}}],"collection":[{"href":"https:\/\/infovera.com.ar\/web\/wp-json\/wp\/v2\/posts"}],"about":[{"href":"https:\/\/infovera.com.ar\/web\/wp-json\/wp\/v2\/types\/post"}],"author":[{"embeddable":true,"href":"https:\/\/infovera.com.ar\/web\/wp-json\/wp\/v2\/users\/3"}],"replies":[{"embeddable":true,"href":"https:\/\/infovera.com.ar\/web\/wp-json\/wp\/v2\/comments?post=46008"}],"version-history":[{"count":0,"href":"https:\/\/infovera.com.ar\/web\/wp-json\/wp\/v2\/posts\/46008\/revisions"}],"wp:featuredmedia":[{"embeddable":true,"href":"https:\/\/infovera.com.ar\/web\/wp-json\/wp\/v2\/media\/46009"}],"wp:attachment":[{"href":"https:\/\/infovera.com.ar\/web\/wp-json\/wp\/v2\/media?parent=46008"}],"wp:term":[{"taxonomy":"category","embeddable":true,"href":"https:\/\/infovera.com.ar\/web\/wp-json\/wp\/v2\/categories?post=46008"},{"taxonomy":"post_tag","embeddable":true,"href":"https:\/\/infovera.com.ar\/web\/wp-json\/wp\/v2\/tags?post=46008"}],"curies":[{"name":"wp","href":"https:\/\/api.w.org\/{rel}","templated":true}]}}