{"id":46002,"date":"2023-08-10T17:02:40","date_gmt":"2023-08-10T20:02:40","guid":{"rendered":"https:\/\/infovera.com.ar\/web\/?p=46002"},"modified":"2023-08-10T17:18:32","modified_gmt":"2023-08-10T20:18:32","slug":"ordenaron-desalojar-a-mas-de-200-familias-que-toman-tierras-en-reconquista","status":"publish","type":"post","link":"https:\/\/infovera.com.ar\/web\/2023\/08\/10\/ordenaron-desalojar-a-mas-de-200-familias-que-toman-tierras-en-reconquista\/","title":{"rendered":"Ordenaron desalojar a m\u00e1s de 200 familias que toman tierras en Reconquista"},"content":{"rendered":"<p>En la audiencia celebrada en la ma\u00f1ana de el jueves 10 de agosto, en la sala de audiencias de la OGJ, la jueza resolvi\u00f3 hacer lugar al pedido de la Fiscal\u00eda y de la Municipalidad de Reconquista, por lo que dispuso ordenar el desalojo del inmueble ocupado por algunos ciudadanos de manera clandestina.<\/p>\n<p>En el comunicado se inform\u00f3 que &#8220;el fiscal Dr. Juan Sebasti\u00e1n Marichal, el d\u00eda 4 de agosto, solicit\u00f3 el desalojo de la ocupaci\u00f3n de un predio p\u00fablico que lleva a cabo un grupo de personas\u00bb.<\/p>\n<p>\u00abPrevio a la petici\u00f3n de desocupaci\u00f3n requerida, el Ministerio P\u00fablico de la Acusaci\u00f3n ha convocado \u2013 en dos ocasiones \u2013 a audiencias de mediaci\u00f3n con la finalidad de que, a partir de un proceso de di\u00e1logo y comunicaci\u00f3n entre las partes en conflicto, se pueda arribar a una adecuada soluci\u00f3n. Habiendo fracasado esta instancia, el fiscal (conforme los Art.205 y 207 del CPPSF), peticion\u00f3 el cese del obrar antijur\u00eddico, dado que la continuidad de la situaci\u00f3n no solo est\u00e1 re\u00f1ida con las disposiciones legales vigentes, sino que se est\u00e1 impidiendo la ejecuci\u00f3n de obras previstas conforme las pruebas acompa\u00f1adas por el Municipio\u00bb, agregaron.<\/p>\n<p>En la misma l\u00ednea, comunicaron que \u00abla Municipalidad de Reconquista compareci\u00f3 con su representante legal, Dr. Andr\u00e9s Ghio, y el funcionario Lic. Nicol\u00e1s Sandrigo. Los representantes del ente p\u00fablico adhirieron a lo peticionado por Marichal, expresando que la actual situaci\u00f3n est\u00e1 causando un perjuicio grave al no poder avanzar con obras esenciales ya contratadas para la urbanizaci\u00f3n del predio, adem\u00e1s de constituir un freno al proceso de adjudicaci\u00f3n de lotes\u00bb.<\/p>\n<p>Por \u00faltimo, sostienen que: \u00abLa jueza de la IPP dispuso que, diariamente y hasta el 18 de agosto de 2023, a las 13 horas, personal a cargo\u00a0 de la URIX deber\u00e1 proceder a dar aviso y conocimiento en el lugar, mediante uso de dispositivos ampliadores de voz\u00a0 de lo ordenado, de lo contrario se proceder\u00e1 al desalojar, bajo apercibimiento de utilizar la fuerza p\u00fablica\u00bb.<\/p>\n","protected":false},"excerpt":{"rendered":"<p>En la audiencia celebrada en la ma\u00f1ana de el jueves 10 de agosto, en la sala de audiencias de la OGJ, la jueza resolvi\u00f3 hacer lugar al pedido de la Fiscal\u00eda y de la Municipalidad de Reconquista, por lo que dispuso ordenar el desalojo del inmueble ocupado por algunos ciudadanos de manera clandestina. En el [&hellip;]<\/p>\n","protected":false},"author":3,"featured_media":45292,"comment_status":"closed","ping_status":"closed","sticky":false,"template":"","format":"standard","meta":{"_joinchat":[],"footnotes":""},"categories":[30,55,61],"tags":[],"class_list":{"0":"post-46002","1":"post","2":"type-post","3":"status-publish","4":"format-standard","5":"has-post-thumbnail","7":"category-policiales","8":"category-reconquista","9":"category-regionales"},"_links":{"self":[{"href":"https:\/\/infovera.com.ar\/web\/wp-json\/wp\/v2\/posts\/46002","targetHints":{"allow":["GET"]}}],"collection":[{"href":"https:\/\/infovera.com.ar\/web\/wp-json\/wp\/v2\/posts"}],"about":[{"href":"https:\/\/infovera.com.ar\/web\/wp-json\/wp\/v2\/types\/post"}],"author":[{"embeddable":true,"href":"https:\/\/infovera.com.ar\/web\/wp-json\/wp\/v2\/users\/3"}],"replies":[{"embeddable":true,"href":"https:\/\/infovera.com.ar\/web\/wp-json\/wp\/v2\/comments?post=46002"}],"version-history":[{"count":0,"href":"https:\/\/infovera.com.ar\/web\/wp-json\/wp\/v2\/posts\/46002\/revisions"}],"wp:featuredmedia":[{"embeddable":true,"href":"https:\/\/infovera.com.ar\/web\/wp-json\/wp\/v2\/media\/45292"}],"wp:attachment":[{"href":"https:\/\/infovera.com.ar\/web\/wp-json\/wp\/v2\/media?parent=46002"}],"wp:term":[{"taxonomy":"category","embeddable":true,"href":"https:\/\/infovera.com.ar\/web\/wp-json\/wp\/v2\/categories?post=46002"},{"taxonomy":"post_tag","embeddable":true,"href":"https:\/\/infovera.com.ar\/web\/wp-json\/wp\/v2\/tags?post=46002"}],"curies":[{"name":"wp","href":"https:\/\/api.w.org\/{rel}","templated":true}]}}