{"id":45994,"date":"2023-08-10T10:37:07","date_gmt":"2023-08-10T13:37:07","guid":{"rendered":"https:\/\/infovera.com.ar\/web\/?p=45994"},"modified":"2023-08-10T10:37:07","modified_gmt":"2023-08-10T13:37:07","slug":"los-pumas-de-reconquista-imputaron-a-dos-sujetos-por-abigeato","status":"publish","type":"post","link":"https:\/\/infovera.com.ar\/web\/2023\/08\/10\/los-pumas-de-reconquista-imputaron-a-dos-sujetos-por-abigeato\/","title":{"rendered":"Los Pumas de Reconquista imputaron a dos sujetos por abigeato"},"content":{"rendered":"<p>Los sujetos fueron aprehendidos y notificados de la nombrada causa.<\/p>\n<p>Efectivos rurales de la Seccion N\u00ba 26, con asiento en la localidad de Reconquista, se<br \/>\nabocaron a tareas investigativas, a ra\u00edz de un llamado telef\u00f3nico por parte de un hombre quien habr\u00eda manifestado que vio a sujetos en actitud sospechosa en el interior de un fundo rural ubicado en la localidad de Berna.<\/p>\n<p>Y que tambi\u00e9n hab\u00eda notado al recorrer el campo huellas de arrastre y restos de un animal vacuno de pelaje bayo.<\/p>\n<p>En consecuencia, personal policial luego del recaudo de informaci\u00f3n suficiente realiz\u00f3 varios allanamientos en las viviendas de quienes ser\u00edan los presuntos autores del hecho.<\/p>\n<p>En estos lugares se secuestr\u00f3 1 escopeta cal 36, 1 equipo de tel\u00e9fono celular, 1 media res de guazuncho y distintos cortes c\u00e1rneos, llegando a un total 50 kg de carne de origen vacuno, con cortes irregulares y sin contar con sellos sanitarios ni documentaci\u00f3n correspondiente.<\/p>\n<p>Los responsables fueron trasladados a la sede policial juntamente con el secuestro, donde los notificaron de sus derechos y de causa por abigeato, en estado de libertad.<\/p>\n","protected":false},"excerpt":{"rendered":"<p>Los sujetos fueron aprehendidos y notificados de la nombrada causa. Efectivos rurales de la Seccion N\u00ba 26, con asiento en la localidad de Reconquista, se abocaron a tareas investigativas, a ra\u00edz de un llamado telef\u00f3nico por parte de un hombre quien habr\u00eda manifestado que vio a sujetos en actitud sospechosa en el interior de un [&hellip;]<\/p>\n","protected":false},"author":3,"featured_media":45995,"comment_status":"closed","ping_status":"closed","sticky":false,"template":"","format":"standard","meta":{"_joinchat":[],"footnotes":""},"categories":[30,55,61],"tags":[],"class_list":{"0":"post-45994","1":"post","2":"type-post","3":"status-publish","4":"format-standard","5":"has-post-thumbnail","7":"category-policiales","8":"category-reconquista","9":"category-regionales"},"_links":{"self":[{"href":"https:\/\/infovera.com.ar\/web\/wp-json\/wp\/v2\/posts\/45994","targetHints":{"allow":["GET"]}}],"collection":[{"href":"https:\/\/infovera.com.ar\/web\/wp-json\/wp\/v2\/posts"}],"about":[{"href":"https:\/\/infovera.com.ar\/web\/wp-json\/wp\/v2\/types\/post"}],"author":[{"embeddable":true,"href":"https:\/\/infovera.com.ar\/web\/wp-json\/wp\/v2\/users\/3"}],"replies":[{"embeddable":true,"href":"https:\/\/infovera.com.ar\/web\/wp-json\/wp\/v2\/comments?post=45994"}],"version-history":[{"count":0,"href":"https:\/\/infovera.com.ar\/web\/wp-json\/wp\/v2\/posts\/45994\/revisions"}],"wp:featuredmedia":[{"embeddable":true,"href":"https:\/\/infovera.com.ar\/web\/wp-json\/wp\/v2\/media\/45995"}],"wp:attachment":[{"href":"https:\/\/infovera.com.ar\/web\/wp-json\/wp\/v2\/media?parent=45994"}],"wp:term":[{"taxonomy":"category","embeddable":true,"href":"https:\/\/infovera.com.ar\/web\/wp-json\/wp\/v2\/categories?post=45994"},{"taxonomy":"post_tag","embeddable":true,"href":"https:\/\/infovera.com.ar\/web\/wp-json\/wp\/v2\/tags?post=45994"}],"curies":[{"name":"wp","href":"https:\/\/api.w.org\/{rel}","templated":true}]}}