{"id":45989,"date":"2023-08-10T00:58:29","date_gmt":"2023-08-10T03:58:29","guid":{"rendered":"https:\/\/infovera.com.ar\/web\/?p=45989"},"modified":"2023-08-10T17:16:24","modified_gmt":"2023-08-10T20:16:24","slug":"ruta-38-s-perdio-el-control-de-su-auto-y-termino-en-la-banquina","status":"publish","type":"post","link":"https:\/\/infovera.com.ar\/web\/2023\/08\/10\/ruta-38-s-perdio-el-control-de-su-auto-y-termino-en-la-banquina\/","title":{"rendered":"Ruta 38 s: perdi\u00f3 el control de su auto y termin\u00f3 en la banquina"},"content":{"rendered":"<p>En la noche de este mi\u00e9rcoles tuvo lugar un accidente en Ruta 38 s, zona rural, unos 8 km hacia el cardinal oeste de Calchaqu\u00ed.<\/p>\n<p>Por causas que se tratan de establecer, a la vera derecha de mencionada Ruta de suelo natural , en la cuneta a unos 5 metros de la misma, se hallaba un auto marca fFat Cronos color rojo y en su interior una persona de sexo masculino que no pod\u00eda salir de dicha unidad.<\/p>\n<p>Con la ayuda de personal de bomberos y personal policial se logr\u00f3 rescatar del interior del mismo a su \u00fanico ocupante, manifestando haber perdido el control de su conducido sin intervenci\u00f3n de terceros, manifestando el mismo encontrarse en excelente estado, identificado, siendo un hombre de 42 a\u00f1os domiciliado en Calchaqui, trasladado en ambulancia al nosocomio local.<\/p>\n<p>Se prosiguen diligencias.Interviene UFI N4. Vera<\/p>\n","protected":false},"excerpt":{"rendered":"<p>En la noche de este mi\u00e9rcoles tuvo lugar un accidente en Ruta 38 s, zona rural, unos 8 km hacia el cardinal oeste de Calchaqu\u00ed. Por causas que se tratan de establecer, a la vera derecha de mencionada Ruta de suelo natural , en la cuneta a unos 5 metros de la misma, se hallaba [&hellip;]<\/p>\n","protected":false},"author":3,"featured_media":45990,"comment_status":"closed","ping_status":"closed","sticky":false,"template":"","format":"standard","meta":{"_joinchat":[],"footnotes":""},"categories":[52,30],"tags":[],"class_list":{"0":"post-45989","1":"post","2":"type-post","3":"status-publish","4":"format-standard","5":"has-post-thumbnail","7":"category-calchaqui","8":"category-policiales"},"_links":{"self":[{"href":"https:\/\/infovera.com.ar\/web\/wp-json\/wp\/v2\/posts\/45989","targetHints":{"allow":["GET"]}}],"collection":[{"href":"https:\/\/infovera.com.ar\/web\/wp-json\/wp\/v2\/posts"}],"about":[{"href":"https:\/\/infovera.com.ar\/web\/wp-json\/wp\/v2\/types\/post"}],"author":[{"embeddable":true,"href":"https:\/\/infovera.com.ar\/web\/wp-json\/wp\/v2\/users\/3"}],"replies":[{"embeddable":true,"href":"https:\/\/infovera.com.ar\/web\/wp-json\/wp\/v2\/comments?post=45989"}],"version-history":[{"count":0,"href":"https:\/\/infovera.com.ar\/web\/wp-json\/wp\/v2\/posts\/45989\/revisions"}],"wp:featuredmedia":[{"embeddable":true,"href":"https:\/\/infovera.com.ar\/web\/wp-json\/wp\/v2\/media\/45990"}],"wp:attachment":[{"href":"https:\/\/infovera.com.ar\/web\/wp-json\/wp\/v2\/media?parent=45989"}],"wp:term":[{"taxonomy":"category","embeddable":true,"href":"https:\/\/infovera.com.ar\/web\/wp-json\/wp\/v2\/categories?post=45989"},{"taxonomy":"post_tag","embeddable":true,"href":"https:\/\/infovera.com.ar\/web\/wp-json\/wp\/v2\/tags?post=45989"}],"curies":[{"name":"wp","href":"https:\/\/api.w.org\/{rel}","templated":true}]}}