{"id":45983,"date":"2023-08-09T21:08:42","date_gmt":"2023-08-10T00:08:42","guid":{"rendered":"https:\/\/infovera.com.ar\/web\/?p=45983"},"modified":"2023-08-09T21:20:55","modified_gmt":"2023-08-10T00:20:55","slug":"clara-garcia-visito-vera","status":"publish","type":"post","link":"https:\/\/infovera.com.ar\/web\/2023\/08\/09\/clara-garcia-visito-vera\/","title":{"rendered":"Clara Garc\u00eda visit\u00f3 Vera para reunir a los candidatos locales luego de las PASO"},"content":{"rendered":"<p style=\"text-align: justify;\">La actual Diputada Provincial y cabeza de lista para el 10 de septiembre, Clara Garc\u00eda, visit\u00f3 la ciudad de Vera y se reuni\u00f3 con dirigentes del frente Unidos Para Cambiar Santa Fe del Departamento.<\/p>\n<p style=\"text-align: justify;\">Asistieron Reynaldo Fabbroni, candidato a Senador Departamental, Paula Mitre, candidata a Intendente de Vera, los diputados Pablo Far\u00edas y Fabian Bast\u00edas quienes van por la reelecci\u00f3n, acompa\u00f1ados por Sergio Chiqui Rojas, adem\u00e1s los candidatos a Concejales de Vera, Federico Moral y Ana Paula Capello, entre otros.<\/p>\n<p style=\"text-align: justify;\">Paula Mitre dio la bienvenida expresando: &#8220;La convivencia pol\u00edtica que nos re\u00fane hoy, habla a las claras de la madurez pol\u00edtica que nos exige la ciudadan\u00eda.<\/p>\n<p style=\"text-align: justify;\">Estamos dispuestos a hacer una propuesta s\u00f3lida, con determinaci\u00f3n y valores. Deseamos todos ser la herramienta de transformaci\u00f3n de nuestras localidades y de nuestra provincia de cara a este 10 de septiembre.<\/p>\n<p style=\"text-align: justify;\">El principal desaf\u00edo que tenemos es resolver la crisis de representaci\u00f3n que existe, debemos trabajar para recuperar el valor de la palabra y devolver la confianza de las personas hacia la pol\u00edtica y a los pol\u00edticos.<\/p>\n<p style=\"text-align: justify;\">Vamos a seguir haciendo una hermosa transformaci\u00f3n para mejorar la calidad de vida de todos nuestros ciudadanos, de eso se trata, de no solo mostrar madurez a trav\u00e9s de una foto, sino tambi\u00e9n a trav\u00e9s de conductas y acciones\u201d.<\/p>\n<p style=\"text-align: justify;\">A su turno, Garc\u00eda declar\u00f3 a la prensa: \u201cLa gente nos dice \u201cno vengan solo en campa\u00f1a\u201d y me parece que es el gran desaf\u00edo de la pol\u00edtica: que no nos demos descanso, que nadie vuelva a casa y que de sol a sol estemos trabajando siempre para que las elecciones nos encuentren activos, habi\u00e9ndonos relacionado con la gente.<\/p>\n<p style=\"text-align: justify;\">Luego del 16 podemos decir que cumplimos con las metas que nos hab\u00edamos propuesto el a\u00f1o pasado, nos tomamos el tiempo para que cada espacio pueda preservar su identidad y estar convencidos de la decisi\u00f3n a tomar, hoy estamos muy conformes, Unidos para Cambiar Santa Fe ha recibido un enorme caudal de apoyo en cantidad de votos, fue hist\u00f3rico. Nuestro objetivo es el mill\u00f3n de votos para este 10 de septiembre.<\/p>\n<p style=\"text-align: justify;\">En la figura de Reno queremos \u201cRenovar\u201d la C\u00e1mara de Senadores, un espacio al cual hay que devolverle su jerarqu\u00eda, no es solo repartir dinero, ni disciplinar, ni la dadiva a aquellas personas que tienen necesidad est\u00e9n atadas a que alguien las obligue a cambiar sus convicciones por el simple hecho de tener una ayuda.<\/p>\n<p style=\"text-align: justify;\">En la C\u00e1mara de Diputados cuya lista me toca encabezar, vamos a ir con los representantes de todas las listas, aqu\u00ed con Chiqui Rojas, a quien Miguel distingui\u00f3 con que fuera el gran gestor del Plan del Norte, que hemos de recuperar.<\/p>\n<p style=\"text-align: justify;\">Venimos de la pol\u00edtica con vocaci\u00f3n de servicio y sabemos que Santa Fe Puede\u201d.<\/p>\n","protected":false},"excerpt":{"rendered":"<p>La actual Diputada Provincial y cabeza de lista para el 10 de septiembre, Clara Garc\u00eda, visit\u00f3 la ciudad de Vera y se reuni\u00f3 con dirigentes del frente Unidos Para Cambiar Santa Fe del Departamento. Asistieron Reynaldo Fabbroni, candidato a Senador Departamental, Paula Mitre, candidata a Intendente de Vera, los diputados Pablo Far\u00edas y Fabian Bast\u00edas [&hellip;]<\/p>\n","protected":false},"author":3,"featured_media":45984,"comment_status":"closed","ping_status":"closed","sticky":false,"template":"","format":"standard","meta":{"_joinchat":[],"footnotes":""},"categories":[53],"tags":[],"class_list":{"0":"post-45983","1":"post","2":"type-post","3":"status-publish","4":"format-standard","5":"has-post-thumbnail","7":"category-vera"},"_links":{"self":[{"href":"https:\/\/infovera.com.ar\/web\/wp-json\/wp\/v2\/posts\/45983","targetHints":{"allow":["GET"]}}],"collection":[{"href":"https:\/\/infovera.com.ar\/web\/wp-json\/wp\/v2\/posts"}],"about":[{"href":"https:\/\/infovera.com.ar\/web\/wp-json\/wp\/v2\/types\/post"}],"author":[{"embeddable":true,"href":"https:\/\/infovera.com.ar\/web\/wp-json\/wp\/v2\/users\/3"}],"replies":[{"embeddable":true,"href":"https:\/\/infovera.com.ar\/web\/wp-json\/wp\/v2\/comments?post=45983"}],"version-history":[{"count":0,"href":"https:\/\/infovera.com.ar\/web\/wp-json\/wp\/v2\/posts\/45983\/revisions"}],"wp:featuredmedia":[{"embeddable":true,"href":"https:\/\/infovera.com.ar\/web\/wp-json\/wp\/v2\/media\/45984"}],"wp:attachment":[{"href":"https:\/\/infovera.com.ar\/web\/wp-json\/wp\/v2\/media?parent=45983"}],"wp:term":[{"taxonomy":"category","embeddable":true,"href":"https:\/\/infovera.com.ar\/web\/wp-json\/wp\/v2\/categories?post=45983"},{"taxonomy":"post_tag","embeddable":true,"href":"https:\/\/infovera.com.ar\/web\/wp-json\/wp\/v2\/tags?post=45983"}],"curies":[{"name":"wp","href":"https:\/\/api.w.org\/{rel}","templated":true}]}}