{"id":45977,"date":"2023-08-09T17:09:43","date_gmt":"2023-08-09T20:09:43","guid":{"rendered":"https:\/\/infovera.com.ar\/web\/?p=45977"},"modified":"2023-08-09T17:09:43","modified_gmt":"2023-08-09T20:09:43","slug":"alias-sombra-detuvieron-al-motochorro-que-robo-golpeo-y-dejo-en-terapia-intensiva-a-una-mujer","status":"publish","type":"post","link":"https:\/\/infovera.com.ar\/web\/2023\/08\/09\/alias-sombra-detuvieron-al-motochorro-que-robo-golpeo-y-dejo-en-terapia-intensiva-a-una-mujer\/","title":{"rendered":"Alias &#8220;Sombra: detuvieron al motochorro que rob\u00f3, golpe\u00f3 y dej\u00f3 en terapia intensiva a una mujer"},"content":{"rendered":"<p>El presunto autor del violento asalto fue aprehendido por la polic\u00eda de Reconquista. Tambi\u00e9n cay\u00f3 su supuesto c\u00f3mplice. Silvia Steeman, fue v\u00edctima del atraco. Pelea por su vida en un sanatorio local.<\/p>\n<p>El suceso policial que el s\u00e1bado conmocion\u00f3 a Reconquista qued\u00f3 muy cerca de ser esclarecido en la tarde de este martes cuando numerarios de la fuerza del orden detuvieron a los dos sospechosos del violento robo de que fue v\u00edctima Silvia Mar\u00eda de Carmen Steeman.<\/p>\n<p>Cuando circulaba en bicicleta, la mujer fue interceptada por dos malvivientes a bordo de una moto Yahaha Cripton 110 cc en Calle 61; la tiraron al piso ocasion\u00e1ndole lesiones de consideraci\u00f3n, le sustrajeron una cartera que conten\u00eda dinero en efectivo y un celular.<\/p>\n<p>Las diligencias investigativas realizadas en base a diversos registros f\u00edlmicos en inmediaciones del sitio donde ocurri\u00f3 el delito permitieron constatar la misma moto con dos ocupantes desconocidos, aunque los peritos pudieron corroborar la vestimenta que llevaban puestas, y que mientras uno de ellos llevaba casco y el acompa\u00f1ante luc\u00eda una gorra con visera de color claro.<\/p>\n<p>En medio de las averiguaciones, se present\u00f3 en forma espont\u00e1nea un vecino de apellido Steeman que adujo haber visto en las noticias fotos que lo llevaron a reconocer que la moto utilizada era de su propiedad y que fue utilizada sin permiso por Marcos Nahuel L., alias \u201cSombra\u201d-<\/p>\n<p>Un hermano de apuntado ratific\u00f3 que el tal \u201cSombra\u201d \u201cjunto a Brian Z. fueron los que le robaron a la v\u00edctima Steeman\u201d, y fundament\u00f3 su declaraci\u00f3n en lo que vio en redes sociales donde reconoci\u00f3 a ambos sospechosos de la autor\u00eda del asalto.<\/p>\n<p>Con ese c\u00famulo de evidencias y con orden de allanamiento gestionada por el fiscal Sebasti\u00e1n Marichal, la polic\u00eda detuvo a ambos en un domicilio de Calle 47.<\/p>\n<figure id=\"attachment_19141\" aria-describedby=\"caption-attachment-19141\" style=\"width: 1280px\" class=\"wp-caption alignnone\"><a href=\"https:\/\/norte24.com.ar\/wp-content\/uploads\/2023\/08\/ropa.jpg\"><img loading=\"lazy\" decoding=\"async\" class=\"size-full wp-image-19141\" src=\"https:\/\/norte24.com.ar\/wp-content\/uploads\/2023\/08\/ropa.jpg\" alt=\"\" width=\"1280\" height=\"960\" \/><\/a><figcaption id=\"caption-attachment-19141\" class=\"wp-caption-text\">La prendas secuestradas coinciden con las observadas en los registros f\u00edlmicos.<\/figcaption><\/figure>\n<p><strong>Estrecha relaci\u00f3n<\/strong><\/p>\n<p>Fuentes del caso confiaron a Norte24 que los elementos secuestrados en la vivienda pesquisada \u201cguardan estrecha relaci\u00f3n con las evidencias f\u00edlmicas\u201d. Tambi\u00e9n se procedi\u00f3 al secuestr\u00f3 de la motocicleta utilizada en el robo y el celular de la v\u00edctima, que hab\u00eda sido vendido a un tercero por \u201cSombra\u201d, de acuerdo a los propios dichos del ocasional comprador.<\/p>\n<p>El tel\u00e9fono recuperado fue entregado a la nuera Silvia Steeman por razones que la v\u00edctima se encuentra internada en el sector de terapia intensiva del Sanatorio Padre P\u00edo a causa de las heridas y golpes recibidos durante el salvaje atraco. Romina, su hija, cont\u00f3 que su mam\u00e1 tiene episodios de lucidez, \u201cpero por momentos no sabe d\u00f3nde est\u00e1, est\u00e1 un poco sedada porque se pone nerviosa\u201d.<\/p>\n<p><strong>Traumatismo y hemorragia<\/strong><\/p>\n<p>\u201cNo entiendo por qu\u00e9 le pegaron; si le ped\u00edan, ella les iba a dar todo. El cuadro es un traumatismo enc\u00e9falo craneal frontal y una leve hemorragia, que no comprime el cerebro. Hay que esperar a ver como evoluciona y si esto deja secuela\u201d, agreg\u00f3.<\/p>\n<p>\u201cEstamos sorprendidos, no podemos creer que haya sido un asalto, estaba llegando a su casa\u201d, cont\u00f3, y record\u00f3 que una vecina avis\u00f3 que su madre estaba desvanecida en la calle: \u201cLlegamos y la encontramos desorientada, ella no me respond\u00eda, no se pod\u00eda poner de pie\u201d.<\/p>\n<p>\u201cElla es una persona activa, trabajadora, y que le est\u00e9 pasando esto\u2026 hoy est\u00e1 en terapia y no sabemos c\u00f3mo puede quedar. Qu\u00e9 necesidad de lastimarla. No pens\u00e1bamos que fue un robo, pens\u00e9 que le hab\u00eda bajado la presi\u00f3n, despu\u00e9s mi pap\u00e1 me avisa que faltaba la cartera, la cual encontraron en cercan\u00edas de barrio Don H\u00e9ctor\u201d, concluy\u00f3.<\/p>\n","protected":false},"excerpt":{"rendered":"<p>El presunto autor del violento asalto fue aprehendido por la polic\u00eda de Reconquista. Tambi\u00e9n cay\u00f3 su supuesto c\u00f3mplice. Silvia Steeman, fue v\u00edctima del atraco. Pelea por su vida en un sanatorio local. El suceso policial que el s\u00e1bado conmocion\u00f3 a Reconquista qued\u00f3 muy cerca de ser esclarecido en la tarde de este martes cuando numerarios [&hellip;]<\/p>\n","protected":false},"author":3,"featured_media":45978,"comment_status":"closed","ping_status":"closed","sticky":false,"template":"","format":"standard","meta":{"_joinchat":[],"footnotes":""},"categories":[30,55,61],"tags":[],"class_list":{"0":"post-45977","1":"post","2":"type-post","3":"status-publish","4":"format-standard","5":"has-post-thumbnail","7":"category-policiales","8":"category-reconquista","9":"category-regionales"},"_links":{"self":[{"href":"https:\/\/infovera.com.ar\/web\/wp-json\/wp\/v2\/posts\/45977","targetHints":{"allow":["GET"]}}],"collection":[{"href":"https:\/\/infovera.com.ar\/web\/wp-json\/wp\/v2\/posts"}],"about":[{"href":"https:\/\/infovera.com.ar\/web\/wp-json\/wp\/v2\/types\/post"}],"author":[{"embeddable":true,"href":"https:\/\/infovera.com.ar\/web\/wp-json\/wp\/v2\/users\/3"}],"replies":[{"embeddable":true,"href":"https:\/\/infovera.com.ar\/web\/wp-json\/wp\/v2\/comments?post=45977"}],"version-history":[{"count":0,"href":"https:\/\/infovera.com.ar\/web\/wp-json\/wp\/v2\/posts\/45977\/revisions"}],"wp:featuredmedia":[{"embeddable":true,"href":"https:\/\/infovera.com.ar\/web\/wp-json\/wp\/v2\/media\/45978"}],"wp:attachment":[{"href":"https:\/\/infovera.com.ar\/web\/wp-json\/wp\/v2\/media?parent=45977"}],"wp:term":[{"taxonomy":"category","embeddable":true,"href":"https:\/\/infovera.com.ar\/web\/wp-json\/wp\/v2\/categories?post=45977"},{"taxonomy":"post_tag","embeddable":true,"href":"https:\/\/infovera.com.ar\/web\/wp-json\/wp\/v2\/tags?post=45977"}],"curies":[{"name":"wp","href":"https:\/\/api.w.org\/{rel}","templated":true}]}}