{"id":45918,"date":"2023-08-07T18:10:06","date_gmt":"2023-08-07T21:10:06","guid":{"rendered":"https:\/\/infovera.com.ar\/web\/?p=45918"},"modified":"2023-08-07T18:10:06","modified_gmt":"2023-08-07T21:10:06","slug":"encuentro-para-preservar-aves-en-peligro-en-las-gamas","status":"publish","type":"post","link":"https:\/\/infovera.com.ar\/web\/2023\/08\/07\/encuentro-para-preservar-aves-en-peligro-en-las-gamas\/","title":{"rendered":"Encuentro para preservar aves en peligro en Las Gamas"},"content":{"rendered":"<p>Se realiz\u00f3 en la Gamas el \u201c1er. Encuentro participativo para desarrollar el Plan de Conservaci\u00f3n del \u00c1guila Coronada y el Cardenal Amarillo en la provincia de Santa Fe\u201d.<\/p>\n<p>Cont\u00f3 con la asistencia de Clara Mitchell, directora de Conservaci\u00f3n del Ministerio de Medio Ambiente; Andr\u00e9s Pautasso, director del Museo de Ciencias Naturales \u201cFlorentino Ameghino\u201d;\u00a0 Marcela Tittarelli y Pablo Siroski, de la direcci\u00f3n general de manejo sustentable de la fauna, adem\u00e1s de representantes de otros organismos e instituciones como Aves Argentinas, Temaik\u00e9n, Ecoparque, bi\u00f3logos y observadores de la regi\u00f3n.<\/p>\n<p>Clara Mitchell inform\u00f3 que \u201cla idea es elaborar un plan de conservaci\u00f3n de estas dos especies que el a\u00f1o pasado fueron declaradas monumentos naturales y eso implica que debe garantizarse su protecci\u00f3n\u201d.<\/p>\n<p>Seg\u00fan la \u201cUni\u00f3n Internacional para Conservaci\u00f3n de la Naturaleza\u201d, estar\u00edan quedando unos dos mil cardenales amarillos adultos en todo el \u00e1rea de distribuci\u00f3n que abarca Argentina y Uruguay, pero en cuanto al \u00c1guila Coronada, su existencia se reduce a menos de mil.<\/p>\n<p>Sobre la tarea de ubicaci\u00f3n Mitchell explic\u00f3 que \u201cexisten observadores que recorren el territorio que en este caso comprende los Bajos Submeridionales y la Cu\u00f1a Boscosa\u201d.<\/p>\n<p>Marcela Tittarelli explic\u00f3 que uno de los m\u00e9todos de control consiste en \u201cel anillado de pichones, que es un sistema no invasivo, que permite hacer un seguimiento monitoreando sus movimientos\u201d.<\/p>\n<p>\u201cEstamos en la tarea de determinar cuales son las principales amenazas y en base a eso planificar acciones tendientes a garantizar su conservaci\u00f3n\u201d, agreg\u00f3.<\/p>\n<p>La elecci\u00f3n de \u201cEstancia Las Gamas\u201d como sede de esta convocatoria obedece a ser un punto equidistante que permiti\u00f3 conocer a los observadores que recorren el territorio y realizan los avistajes brindando una mayor informaci\u00f3n para elaborar un mapeo sobre el movimiento de estas aves.<\/p>\n<p>Vale destacar que tambi\u00e9n existen productores de la zona que han declarado a su campo como de \u201cusos m\u00faltiples\u201d con el fin de convertirlos en reserva natural.<\/p>\n<p>Letyana Press<\/p>\n","protected":false},"excerpt":{"rendered":"<p>Se realiz\u00f3 en la Gamas el \u201c1er. Encuentro participativo para desarrollar el Plan de Conservaci\u00f3n del \u00c1guila Coronada y el Cardenal Amarillo en la provincia de Santa Fe\u201d. Cont\u00f3 con la asistencia de Clara Mitchell, directora de Conservaci\u00f3n del Ministerio de Medio Ambiente; Andr\u00e9s Pautasso, director del Museo de Ciencias Naturales \u201cFlorentino Ameghino\u201d;\u00a0 Marcela Tittarelli [&hellip;]<\/p>\n","protected":false},"author":3,"featured_media":45919,"comment_status":"closed","ping_status":"closed","sticky":false,"template":"","format":"standard","meta":{"_joinchat":[],"footnotes":""},"categories":[53],"tags":[],"class_list":{"0":"post-45918","1":"post","2":"type-post","3":"status-publish","4":"format-standard","5":"has-post-thumbnail","7":"category-vera"},"_links":{"self":[{"href":"https:\/\/infovera.com.ar\/web\/wp-json\/wp\/v2\/posts\/45918","targetHints":{"allow":["GET"]}}],"collection":[{"href":"https:\/\/infovera.com.ar\/web\/wp-json\/wp\/v2\/posts"}],"about":[{"href":"https:\/\/infovera.com.ar\/web\/wp-json\/wp\/v2\/types\/post"}],"author":[{"embeddable":true,"href":"https:\/\/infovera.com.ar\/web\/wp-json\/wp\/v2\/users\/3"}],"replies":[{"embeddable":true,"href":"https:\/\/infovera.com.ar\/web\/wp-json\/wp\/v2\/comments?post=45918"}],"version-history":[{"count":0,"href":"https:\/\/infovera.com.ar\/web\/wp-json\/wp\/v2\/posts\/45918\/revisions"}],"wp:featuredmedia":[{"embeddable":true,"href":"https:\/\/infovera.com.ar\/web\/wp-json\/wp\/v2\/media\/45919"}],"wp:attachment":[{"href":"https:\/\/infovera.com.ar\/web\/wp-json\/wp\/v2\/media?parent=45918"}],"wp:term":[{"taxonomy":"category","embeddable":true,"href":"https:\/\/infovera.com.ar\/web\/wp-json\/wp\/v2\/categories?post=45918"},{"taxonomy":"post_tag","embeddable":true,"href":"https:\/\/infovera.com.ar\/web\/wp-json\/wp\/v2\/tags?post=45918"}],"curies":[{"name":"wp","href":"https:\/\/api.w.org\/{rel}","templated":true}]}}