{"id":45905,"date":"2023-08-07T17:19:36","date_gmt":"2023-08-07T20:19:36","guid":{"rendered":"https:\/\/infovera.com.ar\/web\/?p=45905"},"modified":"2023-08-07T17:19:36","modified_gmt":"2023-08-07T20:19:36","slug":"el-brahman-piso-fuerte-en-reconquista","status":"publish","type":"post","link":"https:\/\/infovera.com.ar\/web\/2023\/08\/07\/el-brahman-piso-fuerte-en-reconquista\/","title":{"rendered":"El Brahman pis\u00f3 fuerte en Reconquista"},"content":{"rendered":"<p>Una mayor presencia de ejemplares y caba\u00f1as convalida el resurgimiento de una raza ideal para bancar el cambio clim\u00e1tico con adaptaci\u00f3n y capacidad carnicera.<\/p>\n<p>En di\u00e1logo con Campolitoral, Ra\u00fal Franchino de la Caba\u00f1a La Cristina no pudo ocultar su felicidad. Es que luego de obtener el premio al Gran Campe\u00f3n Macho a Bozal, el Reservado Gran Campe\u00f3n, y el Tercer Mejor Toro de un evento tan prestigioso como la Expo de Reconquista, sabe que van por el camino que buscan los mercados.\u00e7<\/p>\n<p>&#8220;Estamos muy contentos por la participaci\u00f3n de nuestro establecimiento en en este evento con la raza, pero tambi\u00e9n con la de los criadores de toda la zona, ya que hubo 5 criadores con sus productos y 22 animales, algo que hac\u00eda mucho tiempo que no ocurr\u00eda&#8221;.<\/p>\n<p>Seg\u00fan Franchino, se trata de &#8220;un mimo importante, que un jurado pueda ver en los productos de uno una mejor\u00eda con respecto a los otros animales&#8221;. Y record\u00f3 la trayectoria iniciada medio siglo atr\u00e1s, con proyecci\u00f3n hacia el futuro. &#8220;Hace m\u00e1s de 50 a\u00f1os que mi padre comenz\u00f3 con la Caba\u00f1a y seguimos seleccionando toros moderados, mansos , con buenos aplomos y prepucios, con vaquillonas f\u00e9rtiles y con pre\u00f1eces un poco m\u00e1s adelantadas. Una raza longeva que siempre va a dar m\u00e1s productos con sus vacas, aunque entran en su pubertad un poco m\u00e1s tarde por su condici\u00f3n sebuina&#8221;.<br \/>\nRefuerza las virtudes de la raza para desenvolverse en este escenario.<br \/>\nSecos pero firmes<\/p>\n<p>Franchino no desconoce la realidad del sector, donde la seca sigue haciendo estragos. Pero refuerza las virtudes de la raza para desenvolverse en este escenario.\u00a0&#8220;Lamentablemente estamos transitando esta sequ\u00eda, pero ah\u00ed es donde el Brahman se adapta bien a los calores, a la falta de pastos de calidad, y la gente est\u00e1 viendo que la raza aporta ese choquecito de rusticidad para los campos de los Bajos Subemridionales y del norte del pa\u00eds. Vemos una revalorizaci\u00f3n, porque el Brahman hoy es r\u00fastico pero produce carne y carne de calidad.\u00a0Es m\u00e1s, las hembras est\u00e1n consiguiendo incluso precios mayores a las otras razas, y eso nos ilusiona mucho con seguir por este camino&#8221;.<\/p>\n","protected":false},"excerpt":{"rendered":"<p>Una mayor presencia de ejemplares y caba\u00f1as convalida el resurgimiento de una raza ideal para bancar el cambio clim\u00e1tico con adaptaci\u00f3n y capacidad carnicera. En di\u00e1logo con Campolitoral, Ra\u00fal Franchino de la Caba\u00f1a La Cristina no pudo ocultar su felicidad. Es que luego de obtener el premio al Gran Campe\u00f3n Macho a Bozal, el Reservado [&hellip;]<\/p>\n","protected":false},"author":3,"featured_media":45906,"comment_status":"closed","ping_status":"closed","sticky":false,"template":"","format":"standard","meta":{"_joinchat":[],"footnotes":""},"categories":[55,61],"tags":[],"class_list":{"0":"post-45905","1":"post","2":"type-post","3":"status-publish","4":"format-standard","5":"has-post-thumbnail","7":"category-reconquista","8":"category-regionales"},"_links":{"self":[{"href":"https:\/\/infovera.com.ar\/web\/wp-json\/wp\/v2\/posts\/45905","targetHints":{"allow":["GET"]}}],"collection":[{"href":"https:\/\/infovera.com.ar\/web\/wp-json\/wp\/v2\/posts"}],"about":[{"href":"https:\/\/infovera.com.ar\/web\/wp-json\/wp\/v2\/types\/post"}],"author":[{"embeddable":true,"href":"https:\/\/infovera.com.ar\/web\/wp-json\/wp\/v2\/users\/3"}],"replies":[{"embeddable":true,"href":"https:\/\/infovera.com.ar\/web\/wp-json\/wp\/v2\/comments?post=45905"}],"version-history":[{"count":0,"href":"https:\/\/infovera.com.ar\/web\/wp-json\/wp\/v2\/posts\/45905\/revisions"}],"wp:featuredmedia":[{"embeddable":true,"href":"https:\/\/infovera.com.ar\/web\/wp-json\/wp\/v2\/media\/45906"}],"wp:attachment":[{"href":"https:\/\/infovera.com.ar\/web\/wp-json\/wp\/v2\/media?parent=45905"}],"wp:term":[{"taxonomy":"category","embeddable":true,"href":"https:\/\/infovera.com.ar\/web\/wp-json\/wp\/v2\/categories?post=45905"},{"taxonomy":"post_tag","embeddable":true,"href":"https:\/\/infovera.com.ar\/web\/wp-json\/wp\/v2\/tags?post=45905"}],"curies":[{"name":"wp","href":"https:\/\/api.w.org\/{rel}","templated":true}]}}