{"id":45901,"date":"2023-08-07T17:14:33","date_gmt":"2023-08-07T20:14:33","guid":{"rendered":"https:\/\/infovera.com.ar\/web\/?p=45901"},"modified":"2023-08-08T13:34:46","modified_gmt":"2023-08-08T16:34:46","slug":"fuerte-accionar-de-los-pumas-contra-la-caza-prohibida-en-la-ciguena-y-otros-puntos-de-la-provincial","status":"publish","type":"post","link":"https:\/\/infovera.com.ar\/web\/2023\/08\/07\/fuerte-accionar-de-los-pumas-contra-la-caza-prohibida-en-la-ciguena-y-otros-puntos-de-la-provincial\/","title":{"rendered":"Fuerte accionar de Los Pumas contra la caza prohibida en La Cig\u00fce\u00f1a y otros puntos de la provincia"},"content":{"rendered":"<p>Las unidades operativas de la Direcci\u00f3n General de Seguridad Rural \u201cLos Pumas\u201d realizaron m\u00faltiples tareas con el fin de desalentar la actividad de caza.<\/p>\n<p>Los procedimientos fueron llevados a cabo por personal de las diferentes secciones ubicadas estrat\u00e9gicamente en varios puntos de la Provincia de Santa Fe.<\/p>\n<p>Efectivos pertenecientes a las secciones de Alvear, La Cig\u00fce\u00f1a, Peyrano, La Gallareta, Cuatro Esquinas, San Guillermo, Puestos Fijos de Firmat y Villa Constituci\u00f3n, realizaron operativos de controles en caminos y rutas provinciales adem\u00e1s de patrullajes preventivos, en zonas de su jurisdicci\u00f3n e interceptaron un total de 32 cazadores que ejerc\u00edan la actividad de caza con la utilizaci\u00f3n de 63 canes.<\/p>\n<p>Efectuaron un decomiso de 3 porcinos y 5 liebres, obtenidos en lugares prohibidos, sin licencias habilitantes, en caminos p\u00fablicos y les confeccionaron \u201cActa de Infracci\u00f3n a la Ley Provincial N\u00ba 4830\u201d (ley de caza).<\/p>\n<p>Interviene: Ministerio de Medio Ambiente y Cambio Clim\u00e1tico, Direcci\u00f3n General de Manejo Sustentable de Fauna de la ciudad de Santa Fe.<\/p>\n","protected":false},"excerpt":{"rendered":"<p>Las unidades operativas de la Direcci\u00f3n General de Seguridad Rural \u201cLos Pumas\u201d realizaron m\u00faltiples tareas con el fin de desalentar la actividad de caza. Los procedimientos fueron llevados a cabo por personal de las diferentes secciones ubicadas estrat\u00e9gicamente en varios puntos de la Provincia de Santa Fe. Efectivos pertenecientes a las secciones de Alvear, La [&hellip;]<\/p>\n","protected":false},"author":3,"featured_media":45902,"comment_status":"closed","ping_status":"closed","sticky":false,"template":"","format":"standard","meta":{"_joinchat":[],"footnotes":""},"categories":[30,53],"tags":[],"class_list":{"0":"post-45901","1":"post","2":"type-post","3":"status-publish","4":"format-standard","5":"has-post-thumbnail","7":"category-policiales","8":"category-vera"},"_links":{"self":[{"href":"https:\/\/infovera.com.ar\/web\/wp-json\/wp\/v2\/posts\/45901","targetHints":{"allow":["GET"]}}],"collection":[{"href":"https:\/\/infovera.com.ar\/web\/wp-json\/wp\/v2\/posts"}],"about":[{"href":"https:\/\/infovera.com.ar\/web\/wp-json\/wp\/v2\/types\/post"}],"author":[{"embeddable":true,"href":"https:\/\/infovera.com.ar\/web\/wp-json\/wp\/v2\/users\/3"}],"replies":[{"embeddable":true,"href":"https:\/\/infovera.com.ar\/web\/wp-json\/wp\/v2\/comments?post=45901"}],"version-history":[{"count":0,"href":"https:\/\/infovera.com.ar\/web\/wp-json\/wp\/v2\/posts\/45901\/revisions"}],"wp:featuredmedia":[{"embeddable":true,"href":"https:\/\/infovera.com.ar\/web\/wp-json\/wp\/v2\/media\/45902"}],"wp:attachment":[{"href":"https:\/\/infovera.com.ar\/web\/wp-json\/wp\/v2\/media?parent=45901"}],"wp:term":[{"taxonomy":"category","embeddable":true,"href":"https:\/\/infovera.com.ar\/web\/wp-json\/wp\/v2\/categories?post=45901"},{"taxonomy":"post_tag","embeddable":true,"href":"https:\/\/infovera.com.ar\/web\/wp-json\/wp\/v2\/tags?post=45901"}],"curies":[{"name":"wp","href":"https:\/\/api.w.org\/{rel}","templated":true}]}}