{"id":45898,"date":"2023-08-07T17:10:42","date_gmt":"2023-08-07T20:10:42","guid":{"rendered":"https:\/\/infovera.com.ar\/web\/?p=45898"},"modified":"2023-08-07T17:10:42","modified_gmt":"2023-08-07T20:10:42","slug":"la-provincia-tendra-una-representante-de-fortin-olmos-en-el-consejo-consultivo-nacional-de-adolescentes","status":"publish","type":"post","link":"https:\/\/infovera.com.ar\/web\/2023\/08\/07\/la-provincia-tendra-una-representante-de-fortin-olmos-en-el-consejo-consultivo-nacional-de-adolescentes\/","title":{"rendered":"La provincia tendr\u00e1 una representante de Fort\u00edn Olmos en el Consejo Consultivo Nacional de Adolescentes"},"content":{"rendered":"<p>El gobierno de la provincia, a trav\u00e9s de la Secretar\u00eda de los Derechos de la Ni\u00f1ez, Adolescencia y Familia, inform\u00f3 que la adolescente Carla Radosevich, de la localidad de Fort\u00edn Olmos, fue seleccionada para integrar el Consejo Consultivo Nacional de Adolescentes, que lleva adelante la Secretar\u00eda Nacional de Ni\u00f1ez Adolescencia y Familia (SENAF).<\/p>\n<p>Durante su a\u00f1o de mandato, las consejeras y los consejeros tendr\u00e1n la responsabilidad de representar inquietudes, intereses, demandas y propuestas de las y los adolescentes de todo el territorio argentino, y opinar sobre los programas y las pol\u00edticas p\u00fablicas para las infancias y adolescencias y los temas que les involucren.<\/p>\n<p>Carla, junto a un grupo de adolescente de localidad ven\u00eda participando activamente en las Asambleas Regionales de Adolescentes en el marco del Consejo Provincial de Ni\u00f1as, Ni\u00f1os y Adolescentes, as\u00ed como de la militancia estudiantil, la recuperaci\u00f3n y organizaci\u00f3n de la Fiesta de la Estudiantina en su localidad, entre otras acciones sobre promoci\u00f3n de derechos de la ni\u00f1ez y adolescencia, mujeres y g\u00e9nero.<\/p>\n<p>Al respecto, la secretaria de los Derechos de la Ni\u00f1ez, Adolescencia y Familia de la provincia de Santa Fe, Patricia Chialvo, asegur\u00f3 que \u201cdebemos promover y garantizar la participaci\u00f3n de chicos y chicas generando espacios, donde les adolescentes con sus intervenciones e intercambio puedan transformar sus realidades, y a la vez, vayan incorporando, como pr\u00e1ctica habitual, la escucha y el di\u00e1logo con sus pares en su quehacer diario\u201d.<\/p>\n<p>Por \u00faltimo, el secretario Nacional de Ni\u00f1ez, Adolescencia y Familia, Gabriel Lerner, afirm\u00f3 que \u201cdesde la SENAF entendemos que es una obligaci\u00f3n de los organismos de gobierno generar canales para que las pol\u00edticas p\u00fablicas se nutran de los deseos, miradas, sentires y demandas de ni\u00f1as, ni\u00f1os y adolescentes, como un insumo ineludible\u201d.<\/p>\n<p>Y agreg\u00f3 que \u201ceste Consejo es un mecanismo por el cual nos pueden dar a conocer sus puntos de vista respecto de lo que hacemos, de c\u00f3mo lo hacemos y de lo que entienden que debemos hacer para enriquecer las pol\u00edticas p\u00fablicas&#8221;.<\/p>\n<p><strong>UN ESPACIO PARA QUE CHICAS Y CHICOS HAGAN O\u00cdR SU VOZ<\/strong><\/p>\n<p>El Consejo Consultivo de Adolescentes de la SENAF fue creado a trav\u00e9s de la resoluci\u00f3n 1916\/2020, como un espacio de participaci\u00f3n, consulta y di\u00e1logo intergeneracional para que chicas y chicos hagan o\u00edr su voz, opinen e incidan en las pol\u00edticas p\u00fablicas y los temas que les involucran.<\/p>\n<p>Est\u00e1 integrado por 32 adolescentes titulares y 16 suplentes, de entre 13 y 17 a\u00f1os, de todas las jurisdicciones del pa\u00eds. Un comit\u00e9 adolescente tuvo a cargo convocar al primer grupo de consejeras y consejeros, seg\u00fan los siguientes criterios de diversidad planteados en el reglamento: diversidad de g\u00e9neros autopercibidos; representaci\u00f3n de las 24 jurisdicciones; consejos provinciales; pueblos originarios; discapacidad; dispositivos convivenciales; dispositivos penales; centros de estudiantes; y organizaciones sociales y culturales.<\/p>\n","protected":false},"excerpt":{"rendered":"<p>El gobierno de la provincia, a trav\u00e9s de la Secretar\u00eda de los Derechos de la Ni\u00f1ez, Adolescencia y Familia, inform\u00f3 que la adolescente Carla Radosevich, de la localidad de Fort\u00edn Olmos, fue seleccionada para integrar el Consejo Consultivo Nacional de Adolescentes, que lleva adelante la Secretar\u00eda Nacional de Ni\u00f1ez Adolescencia y Familia (SENAF). Durante su [&hellip;]<\/p>\n","protected":false},"author":3,"featured_media":45899,"comment_status":"closed","ping_status":"closed","sticky":false,"template":"","format":"standard","meta":{"_joinchat":[],"footnotes":""},"categories":[60],"tags":[],"class_list":{"0":"post-45898","1":"post","2":"type-post","3":"status-publish","4":"format-standard","5":"has-post-thumbnail","7":"category-provinciales"},"_links":{"self":[{"href":"https:\/\/infovera.com.ar\/web\/wp-json\/wp\/v2\/posts\/45898","targetHints":{"allow":["GET"]}}],"collection":[{"href":"https:\/\/infovera.com.ar\/web\/wp-json\/wp\/v2\/posts"}],"about":[{"href":"https:\/\/infovera.com.ar\/web\/wp-json\/wp\/v2\/types\/post"}],"author":[{"embeddable":true,"href":"https:\/\/infovera.com.ar\/web\/wp-json\/wp\/v2\/users\/3"}],"replies":[{"embeddable":true,"href":"https:\/\/infovera.com.ar\/web\/wp-json\/wp\/v2\/comments?post=45898"}],"version-history":[{"count":0,"href":"https:\/\/infovera.com.ar\/web\/wp-json\/wp\/v2\/posts\/45898\/revisions"}],"wp:featuredmedia":[{"embeddable":true,"href":"https:\/\/infovera.com.ar\/web\/wp-json\/wp\/v2\/media\/45899"}],"wp:attachment":[{"href":"https:\/\/infovera.com.ar\/web\/wp-json\/wp\/v2\/media?parent=45898"}],"wp:term":[{"taxonomy":"category","embeddable":true,"href":"https:\/\/infovera.com.ar\/web\/wp-json\/wp\/v2\/categories?post=45898"},{"taxonomy":"post_tag","embeddable":true,"href":"https:\/\/infovera.com.ar\/web\/wp-json\/wp\/v2\/tags?post=45898"}],"curies":[{"name":"wp","href":"https:\/\/api.w.org\/{rel}","templated":true}]}}