{"id":45886,"date":"2023-08-07T09:16:16","date_gmt":"2023-08-07T12:16:16","guid":{"rendered":"https:\/\/infovera.com.ar\/web\/?p=45886"},"modified":"2023-08-07T09:16:16","modified_gmt":"2023-08-07T12:16:16","slug":"omar-perotti-estas-obras-que-estamos-inaugurando-significaran-mejoras-concretas-en-la-vida-de-la-gente-en-toda-la-provincia","status":"publish","type":"post","link":"https:\/\/infovera.com.ar\/web\/2023\/08\/07\/omar-perotti-estas-obras-que-estamos-inaugurando-significaran-mejoras-concretas-en-la-vida-de-la-gente-en-toda-la-provincia\/","title":{"rendered":"Omar Perotti: &#8220;Estas obras que estamos inaugurando, significar\u00e1n mejoras concretas en la vida de la gente en toda la provincia\u201d"},"content":{"rendered":"<p>El gobernador de la provincia anunci\u00f3 que inaugurar\u00e1 m\u00e1s de 500 obras en toda la provincia en los pr\u00f3ximos 30 d\u00edas.<\/p>\n<p>El gobernador Omar Perotti viene desplegando una din\u00e1mica y contundente agenda de inauguraciones edilicias y viales, como as\u00ed tambi\u00e9n participa de la entrega de equipamientos de tecnolog\u00eda de \u00faltima generaci\u00f3n. Estas acciones que arrancaron en Rosario y Santa Fe hace una semana, se extender\u00e1n con diferentes acciones en pueblos y localidades de los 19 departamentos de la provincia.<\/p>\n<p>Para Perotti \u201clo que estamos haciendo ahora es inaugurar, inaugurar edificios, inaugurar rutas, inaugurar posibilidades ciertas de mejoras concretas para la vida de la gente. Hablo de agua potable, gasoductos, obras claves en toda la provincia\u201d.<\/p>\n<p>En ese sentido, dijo que \u201cen los pr\u00f3ximos 30 d\u00edas, estaremos participando de m\u00e1s de 500 inauguraciones en todo el territorio provincial\u201d.<\/p>\n<p>Perotti a\u00f1adi\u00f3, \u201cnosotros en a lo largo de la gesti\u00f3n lo que entregamos son obras, no palabras\u201d al referirse al inicio de este extenso recorrido por toda la bota santafesina, de cara a las elecciones del pr\u00f3ximo 10 de septiembre.<\/p>\n<p>Luego de dejar inaugurados, hace una semana atr\u00e1s, los nuevos centros de monitoreos 911 de Rosario y de Santa Fe que incorporan la m\u00e1s moderna tecnolog\u00eda en materia de seguridad disponible en el pa\u00eds, Perotti sali\u00f3 a fortalecer su v\u00ednculo con el interior productivo de la provincia.<\/p>\n<p>En estas 500 acciones de inauguraci\u00f3n, entregas de obras y otorgamiento de equipamiento, dijo que ir\u00e1 personalmente para \u201cfortalecer el contacto directo con los hombres y mujeres de toda la provincia\u201d.<\/p>\n<p>\u201cNosotros trabajamos, le damos m\u00e1s vamos a los hechos que a las palabras y es as\u00ed que lo vamos a seguir haciendo como diputados\u201d indic\u00f3 Omar Perotti. Para el gobernador de Santa Fe, \u201cla provincia no necesita de m\u00e1s discursos, necesita de m\u00e1s conectividad, m\u00e1s gasoductos, m\u00e1s acueductos, m\u00e1s rutas. M\u00e1s caminos rurales\u201d.<\/p>\n<p>Trascendi\u00f3 que el gobernador Perotti dejar\u00e1 inauguradas en este marat\u00f3nico y singular proceso, obras vinculadas a Educaci\u00f3n y entre ellas, nuevas escuelas, jardines de infantes en ambos tipos de establecimientos con nuevos equipamientos incluso con avanzados dispositivos tecnol\u00f3gicos que podr\u00e1n utilizar los alumnos y alumnas desde el momento mismo de ser recibidas.<\/p>\n<p>Por eso, habr\u00e1 puesta en valor del programa Santa Fe M\u00e1s Conectada y el acceso al servicio de Wifi en todas las escuelas. Es intenci\u00f3n del gobernador, mostrar el cambio notorio en pol\u00edticas de gesti\u00f3n con las anteriores y ser\u00e1n resaltados los gasoductos y acueductos que avanzan ning\u00fan tipo de contratiempo en toda la provincia generando un claro salto cualitativo en t\u00e9rminos de acceso a mejores a condiciones de vida, producci\u00f3n y trabajo estableciendo un nuevo v\u00ednculo de arraigo para miles y miles de santafesinos de en toda la extensi\u00f3n provincial.<\/p>\n<p>S\u00f3lo en la semana que culmin\u00f3 ayer domingo, el gobernador Omar Perotti inaugur\u00f3 obras por $ 3.000 millones en los departamentos Garay y San Javier, el pasado mi\u00e9rcoles. En este caso, se trat\u00f3 de obras de pavimentaci\u00f3n, repavimentaci\u00f3n, dos jardines de infantes y un moderno hospital.<\/p>\n<p>El jueves, Perotti inaugur\u00f3 el nuevo edificio del Jard\u00edn de Infantes N\u00b099 de Santa Rosa de Calchines. \u201cEste es el jard\u00edn m\u00e1s grande de la provincia\u201d, asegur\u00f3 el gobernador, quien tambi\u00e9n dej\u00f3 habilitada la obra de ensanche y repavimentaci\u00f3n de un tramo de 11 km de la RPN\u00b01, entre Helvecia y Cayast\u00e1. Ambas demandaron m\u00e1s de 1.200 millones de pesos. Durante la misma jornada, y la ciudad de San Javier, Perotti dijo que \u201csomos el gobierno que ha realizado la mayor inversi\u00f3n en todo el territorio de la provincia de Santa Fe\u201d. Lo hizo al inaugurar el nuevo hospital de San Javier. Las refacciones tuvieron un valor de 323.401.781,16 pesos y se invirtieron 187 millones de pesos en equipamiento. Tambi\u00e9n habilit\u00f3 un nuevo Jard\u00edn de Infantes y la pavimentaci\u00f3n de un tramo de la RP 87s.<\/p>\n<p>Por otra parte, el pasado viernes, Perotti puso en marcha el programa Santa Fe M\u00e1s Conectada en la Escuela de Educaci\u00f3n Secundaria Orientada N\u00b0540, Camino de los Granaderos, ubicada en el barrio La Cer\u00e1mica de la ciudad de Rosario. All\u00ed Perotti dijo que \u201ctodos los d\u00edas sumamos novedades, actualizaciones tecnol\u00f3gicas y reformas edilicias en instituciones educativas de los barrios populares\u201d, afirm\u00f3 en la oportunidad el gobernador, y remarc\u00f3 la importancia de contar con una internet de alta calidad.<\/p>\n<p>Cabe consignarse tambi\u00e9n que Omar Perotti inaugur\u00f3 el primer cajero autom\u00e1tico en la comuna de Arroyo Leyes, el pasado s\u00e1bado. Est\u00e1 ubicado en el kil\u00f3metro 12,5 de la Ruta Provincial N\u00b01. \u201cEs una de esas acciones para acompa\u00f1ar a las localidades que crecen y que tienen un nivel de demanda que requiere una respuesta diferente\u201d, expres\u00f3 en la oportunidad el gobernador de la provincia.<\/p>\n<p>Ayer domingo, Perotti inaugur\u00f3 el Camino de la Ruralidad del distrito Barros Pazos de Reconquista, departamento General Obligado.<\/p>\n<p>All\u00ed el mandatario provincia, sostuvo que \u201cterminamos este tramo y llevamos superados largamente los 1.100 kil\u00f3metros de caminos rurales en toda la provincia, y 126 escuelas incorporadas en esta conducci\u00f3n. Producci\u00f3n trabajo y educaci\u00f3n son las cosas que deben sostener, afirmarse en esta provincia. Hablar desde aqu\u00ed con quienes conocen el medio rural, quienes han vivido en el medio rural, sin dudas que lo que hemos escuchado es lo cercano\u201d, dijo el gobernador.<\/p>\n<p>Todo un peque\u00f1o muestrario de la actividad que ocupar\u00e1 al gobernador Perotti en los pr\u00f3ximos 30 d\u00edas donde, como remarca ante cada micr\u00f3fono que tiene delante de s\u00ed, tiene previsto realizar 500 inauguraciones para mostrar que \u201cnunca hubo un gobierno que haya realizado m\u00e1s inversiones que el nuestro, en todo el territorio de la provincia\u201d.<\/p>\n","protected":false},"excerpt":{"rendered":"<p>El gobernador de la provincia anunci\u00f3 que inaugurar\u00e1 m\u00e1s de 500 obras en toda la provincia en los pr\u00f3ximos 30 d\u00edas. El gobernador Omar Perotti viene desplegando una din\u00e1mica y contundente agenda de inauguraciones edilicias y viales, como as\u00ed tambi\u00e9n participa de la entrega de equipamientos de tecnolog\u00eda de \u00faltima generaci\u00f3n. Estas acciones que arrancaron [&hellip;]<\/p>\n","protected":false},"author":3,"featured_media":45887,"comment_status":"closed","ping_status":"closed","sticky":false,"template":"","format":"standard","meta":{"_joinchat":[],"footnotes":""},"categories":[60],"tags":[],"class_list":{"0":"post-45886","1":"post","2":"type-post","3":"status-publish","4":"format-standard","5":"has-post-thumbnail","7":"category-provinciales"},"_links":{"self":[{"href":"https:\/\/infovera.com.ar\/web\/wp-json\/wp\/v2\/posts\/45886","targetHints":{"allow":["GET"]}}],"collection":[{"href":"https:\/\/infovera.com.ar\/web\/wp-json\/wp\/v2\/posts"}],"about":[{"href":"https:\/\/infovera.com.ar\/web\/wp-json\/wp\/v2\/types\/post"}],"author":[{"embeddable":true,"href":"https:\/\/infovera.com.ar\/web\/wp-json\/wp\/v2\/users\/3"}],"replies":[{"embeddable":true,"href":"https:\/\/infovera.com.ar\/web\/wp-json\/wp\/v2\/comments?post=45886"}],"version-history":[{"count":0,"href":"https:\/\/infovera.com.ar\/web\/wp-json\/wp\/v2\/posts\/45886\/revisions"}],"wp:featuredmedia":[{"embeddable":true,"href":"https:\/\/infovera.com.ar\/web\/wp-json\/wp\/v2\/media\/45887"}],"wp:attachment":[{"href":"https:\/\/infovera.com.ar\/web\/wp-json\/wp\/v2\/media?parent=45886"}],"wp:term":[{"taxonomy":"category","embeddable":true,"href":"https:\/\/infovera.com.ar\/web\/wp-json\/wp\/v2\/categories?post=45886"},{"taxonomy":"post_tag","embeddable":true,"href":"https:\/\/infovera.com.ar\/web\/wp-json\/wp\/v2\/tags?post=45886"}],"curies":[{"name":"wp","href":"https:\/\/api.w.org\/{rel}","templated":true}]}}