{"id":45859,"date":"2023-08-04T09:05:29","date_gmt":"2023-08-04T12:05:29","guid":{"rendered":"https:\/\/infovera.com.ar\/web\/?p=45859"},"modified":"2023-08-04T09:05:29","modified_gmt":"2023-08-04T12:05:29","slug":"la-aic-detuvo-al-autor-de-numerosos-robos-en-reconquista","status":"publish","type":"post","link":"https:\/\/infovera.com.ar\/web\/2023\/08\/04\/la-aic-detuvo-al-autor-de-numerosos-robos-en-reconquista\/","title":{"rendered":"La AIC detuvo al autor de numerosos robos en Reconquista"},"content":{"rendered":"<p>Los agentes procedieron a realizar el allanamiento donde lograron la detenci\u00f3n, tras tener una variedad de pruebas f\u00edlmicas de las viviendas donde se cometieron los delitos y detalles brindados por las v\u00edctimas.<\/p>\n<p>La Direcci\u00f3n Operativa Regi\u00f3n IV de la Agencia de Investigaci\u00f3n Criminal, dependiente del Ministerio de Seguridad, realiz\u00f3 un allanamiento en la manzana 3 del Barrio Am\u00e9rica, en inmediaciones de la calle Pasaje 53\/55 de la localidad de Reconquista, en el marco de las investigaciones llevadas a cabo por reiterados hechos de robo ocurridos en la ciudad.<\/p>\n<p>En el procedimiento, los efectivos lograron secuestrar elementos de inter\u00e9s para la causa y detuvieron al sujeto que ven\u00eda siendo investigado por un conjunto de pruebas que lo indicaban como el autor de los hechos delictivos denunciados a finales de julio.<\/p>\n<p>Interviene la fiscal de la Cuarta Circunscripci\u00f3n del Ministerio P\u00fablico de la Acusaci\u00f3n, Dra. Georgina D\u00edaz y el Juez Dr. Mauricio Martelossi.<\/p>\n","protected":false},"excerpt":{"rendered":"<p>Los agentes procedieron a realizar el allanamiento donde lograron la detenci\u00f3n, tras tener una variedad de pruebas f\u00edlmicas de las viviendas donde se cometieron los delitos y detalles brindados por las v\u00edctimas. La Direcci\u00f3n Operativa Regi\u00f3n IV de la Agencia de Investigaci\u00f3n Criminal, dependiente del Ministerio de Seguridad, realiz\u00f3 un allanamiento en la manzana 3 [&hellip;]<\/p>\n","protected":false},"author":3,"featured_media":45860,"comment_status":"closed","ping_status":"closed","sticky":false,"template":"","format":"standard","meta":{"_joinchat":[],"footnotes":""},"categories":[30,55,61],"tags":[],"class_list":{"0":"post-45859","1":"post","2":"type-post","3":"status-publish","4":"format-standard","5":"has-post-thumbnail","7":"category-policiales","8":"category-reconquista","9":"category-regionales"},"_links":{"self":[{"href":"https:\/\/infovera.com.ar\/web\/wp-json\/wp\/v2\/posts\/45859","targetHints":{"allow":["GET"]}}],"collection":[{"href":"https:\/\/infovera.com.ar\/web\/wp-json\/wp\/v2\/posts"}],"about":[{"href":"https:\/\/infovera.com.ar\/web\/wp-json\/wp\/v2\/types\/post"}],"author":[{"embeddable":true,"href":"https:\/\/infovera.com.ar\/web\/wp-json\/wp\/v2\/users\/3"}],"replies":[{"embeddable":true,"href":"https:\/\/infovera.com.ar\/web\/wp-json\/wp\/v2\/comments?post=45859"}],"version-history":[{"count":0,"href":"https:\/\/infovera.com.ar\/web\/wp-json\/wp\/v2\/posts\/45859\/revisions"}],"wp:featuredmedia":[{"embeddable":true,"href":"https:\/\/infovera.com.ar\/web\/wp-json\/wp\/v2\/media\/45860"}],"wp:attachment":[{"href":"https:\/\/infovera.com.ar\/web\/wp-json\/wp\/v2\/media?parent=45859"}],"wp:term":[{"taxonomy":"category","embeddable":true,"href":"https:\/\/infovera.com.ar\/web\/wp-json\/wp\/v2\/categories?post=45859"},{"taxonomy":"post_tag","embeddable":true,"href":"https:\/\/infovera.com.ar\/web\/wp-json\/wp\/v2\/tags?post=45859"}],"curies":[{"name":"wp","href":"https:\/\/api.w.org\/{rel}","templated":true}]}}