{"id":45847,"date":"2023-08-03T14:10:17","date_gmt":"2023-08-03T17:10:17","guid":{"rendered":"https:\/\/infovera.com.ar\/web\/?p=45847"},"modified":"2023-08-03T14:12:36","modified_gmt":"2023-08-03T17:12:36","slug":"fue-a-robar-junto-a-su-hijo-de-8-anos-y-lo-atrapo-un-vecino-cuando-escapaba-en-bicicleta","status":"publish","type":"post","link":"https:\/\/infovera.com.ar\/web\/2023\/08\/03\/fue-a-robar-junto-a-su-hijo-de-8-anos-y-lo-atrapo-un-vecino-cuando-escapaba-en-bicicleta\/","title":{"rendered":"Fue a robar junto a su hijo de 8 a\u00f1os y lo atrap\u00f3 un vecino cuando escapaba en bicicleta"},"content":{"rendered":"<p>El hecho ocurri\u00f3 a pleno luz del d\u00eda en Reconquista. El sujeto fue aprehendido cuando escapaba en bicicleta.<\/p>\n<p>Cerca de las 10 de la ma\u00f1ana del mi\u00e9rcoles se produjo un suceso ins\u00f3lito en inmediaciones del barrio Parque de Reconquista. A esa hora, la polic\u00eda debi\u00f3 acudir a un punto de Calle 42 -entre Mitre y Pasaje 15\/17- de la barriada del oeste, en el primer cord\u00f3n de la ciudad, debido a lo que en la jerga policial se denomina \u00abarresto civil\u00bb.<\/p>\n<p>Una vez en el lugar, los uniformados dieron con una persona que estaba reteniendo a un sujeto, mientras que en cercan\u00edas se hallaba una chico de 8 a\u00f1os. M\u00e1s adelante, estaba tirada en el piso una bicicleta tipo playera de color blanco.<\/p>\n<p>Luego de la sorpresa inicial, los agentes de la fuerza de seguridad abordaron al vecino que sosten\u00eda al otro. Les manifest\u00f3 que momentos antes el joven hab\u00eda ingresado al interior de una vivienda vecina, saltando el tapial perimetral, y se llev\u00f3 una caja de madera con herramientas varias.<\/p>\n<p>Sostuvo adem\u00e1s que el caco circulaba en bicicleta con el menor y que logr\u00f3 interceptarlo en Calle 42 al 508. Minutos m\u00e1s tarde, la propietaria de la casa en cuesti\u00f3n ratific\u00f3 los dichos de su vecino del barrio.<\/p>\n<p>El ladr\u00f3n fue identificado como Claudio G., de 19 a\u00f1os, domiciliado en el barrio Lujan. Fue trasladado a la sede policial en calidad de aprehendido por el delito caratulado como tentativa de robo.<\/p>\n<p>El fiscal de turno dispuso que tome intervenci\u00f3n a Subsecretar\u00eda de Ni\u00f1ez, Adolescencia y Familia Regi\u00f3n IV. El menor fue\u00a0 entregado a su madre.<\/p>\n","protected":false},"excerpt":{"rendered":"<p>El hecho ocurri\u00f3 a pleno luz del d\u00eda en Reconquista. El sujeto fue aprehendido cuando escapaba en bicicleta. Cerca de las 10 de la ma\u00f1ana del mi\u00e9rcoles se produjo un suceso ins\u00f3lito en inmediaciones del barrio Parque de Reconquista. A esa hora, la polic\u00eda debi\u00f3 acudir a un punto de Calle 42 -entre Mitre y [&hellip;]<\/p>\n","protected":false},"author":3,"featured_media":45848,"comment_status":"closed","ping_status":"closed","sticky":false,"template":"","format":"standard","meta":{"_joinchat":[],"footnotes":""},"categories":[30,55,61],"tags":[],"class_list":{"0":"post-45847","1":"post","2":"type-post","3":"status-publish","4":"format-standard","5":"has-post-thumbnail","7":"category-policiales","8":"category-reconquista","9":"category-regionales"},"_links":{"self":[{"href":"https:\/\/infovera.com.ar\/web\/wp-json\/wp\/v2\/posts\/45847","targetHints":{"allow":["GET"]}}],"collection":[{"href":"https:\/\/infovera.com.ar\/web\/wp-json\/wp\/v2\/posts"}],"about":[{"href":"https:\/\/infovera.com.ar\/web\/wp-json\/wp\/v2\/types\/post"}],"author":[{"embeddable":true,"href":"https:\/\/infovera.com.ar\/web\/wp-json\/wp\/v2\/users\/3"}],"replies":[{"embeddable":true,"href":"https:\/\/infovera.com.ar\/web\/wp-json\/wp\/v2\/comments?post=45847"}],"version-history":[{"count":0,"href":"https:\/\/infovera.com.ar\/web\/wp-json\/wp\/v2\/posts\/45847\/revisions"}],"wp:featuredmedia":[{"embeddable":true,"href":"https:\/\/infovera.com.ar\/web\/wp-json\/wp\/v2\/media\/45848"}],"wp:attachment":[{"href":"https:\/\/infovera.com.ar\/web\/wp-json\/wp\/v2\/media?parent=45847"}],"wp:term":[{"taxonomy":"category","embeddable":true,"href":"https:\/\/infovera.com.ar\/web\/wp-json\/wp\/v2\/categories?post=45847"},{"taxonomy":"post_tag","embeddable":true,"href":"https:\/\/infovera.com.ar\/web\/wp-json\/wp\/v2\/tags?post=45847"}],"curies":[{"name":"wp","href":"https:\/\/api.w.org\/{rel}","templated":true}]}}