{"id":45828,"date":"2023-08-03T08:31:35","date_gmt":"2023-08-03T11:31:35","guid":{"rendered":"https:\/\/infovera.com.ar\/web\/?p=45828"},"modified":"2023-08-03T14:26:57","modified_gmt":"2023-08-03T17:26:57","slug":"abren-la-inscripcion-a-nuevos-creditos-para-el-sector-agropecuario","status":"publish","type":"post","link":"https:\/\/infovera.com.ar\/web\/2023\/08\/03\/abren-la-inscripcion-a-nuevos-creditos-para-el-sector-agropecuario\/","title":{"rendered":"Abren la inscripci\u00f3n a nuevos cr\u00e9ditos para el sector agropecuario"},"content":{"rendered":"<p>Se destinar\u00e1n $ 1.000 millones a trav\u00e9s de dos l\u00edneas de financiamiento sin intereses para productores ganaderos y mixtos.<\/p>\n<p>En el marco del acompa\u00f1amiento impulsado por el Gobierno Provincial a las distintas actividades agropecuarias afectadas por la sequ\u00eda, el Ministerio de Producci\u00f3n, Ciencia y Tecnolog\u00eda inicia una nueva inscripci\u00f3n a dos l\u00edneas de financiamiento, sin intereses, destinada a productores ganaderos y mixtos de la provincia. Dicha l\u00edneas ser\u00e1n canalizadas a trav\u00e9s de las agencias y asociaciones para el desarrollo de todo el territorio santafesino.<\/p>\n<p>Al respecto, el ministro de Producci\u00f3n, Ciencia y Tecnolog\u00eda, Daniel Costamagna, detall\u00f3 que el objetivo \u201ces continuar acompa\u00f1ando mediante el financiamiento de inversiones y del capital de trabajo para contribuir a la recomposici\u00f3n de las unidades productivas de peque\u00f1os y medianos productores\u201d.<\/p>\n<p>Los cr\u00e9ditos podr\u00e1n ser solicitados por autogesti\u00f3n a trav\u00e9s de www.santafe.gob.ar\/afem\/ y los productores deber\u00e1n seleccionar la l\u00ednea a inscribirse y luego la Agencia o Asociaci\u00f3n m\u00e1s cercana a su domicilio para realizar posteriormente la tramitaci\u00f3n del financiamiento.<\/p>\n<p><strong>Son dos las l\u00edneas de financiamiento disponibles:<\/strong><\/p>\n<p><strong>&gt;&gt;\u00a0Plan Gan.Ar (Plan Ganader\u00eda Argentina):<\/strong> es por un cupo total de 400 millones de pesos y est\u00e1 destinada a productores ganaderos de leche y carne bovina, que tengan constancia de inscripci\u00f3n en el Registro \u00danico de Producciones Primarias (RUPP) y Registro Nacional Sanitario de Productores Agropecuarios (RENSPA) vigente.<\/p>\n<p>Los beneficiarios deber\u00e1n tener una escala de producci\u00f3n ganadera (leche o carne) de hasta 600 cabezas totales de ganado bovino.<\/p>\n<p>El monto m\u00e1ximo a otorgar por productor es de $ 600.000; la tasa de inter\u00e9s es 0%, y el plazo total de reintegro es de hasta 18 meses, incluido el periodo de gracia de 12 meses.<\/p>\n<p>En este caso, el cr\u00e9dito deber\u00e1 ser utilizado en insumos para la implantaci\u00f3n de pasturas, verdeos, forrajes conservados y alimentaci\u00f3n estrat\u00e9gica; incorporaci\u00f3n de reproductores; elementos para la captaci\u00f3n, extracci\u00f3n, distribuci\u00f3n y almacenamiento de agua; infraestructura ganadera, elementos para el manejo de ganado, para bienestar animal, para manejo de efluentes, entre otros.<\/p>\n<p>Los interesados pueden inscribirse hasta el lunes 7 de agosto de 2023.<\/p>\n<p><strong>&gt;&gt;\u00a0L\u00ednea\u00a0para Recomposici\u00f3n Productiva 2023:<\/strong> Est\u00e1 destinada a productores ganaderos con hasta 1.000 cabezas totales de ganado bovino (leche\/carne), seg\u00fan informe de \u00faltima acta de vacunaci\u00f3n; y mixtos, agricultura extensiva\/ ganader\u00eda bovina de leche o carne, con hasta 700 cabezas totales de ganado y hasta 500 hect\u00e1reas de agricultura. En ambos casos deben contar con certificado de emergencia o desastre agropecuario.<\/p>\n<p>El monto m\u00e1ximo a otorgar por productor es de $ 700.000, con una tasa de inter\u00e9s del 0%, y un plazo total de reintegro de hasta 12 meses, incluido el periodo de gracia de 12 meses.<\/p>\n<p>Pueden utilizarse en insumos y servicios para la implantaci\u00f3n de pasturas, verdeos, forrajes conservados; y para la provisi\u00f3n de alimentos y agua de bebida; limpieza de represas, entre otros.<\/p>\n<p>La inscripci\u00f3n se puede efectuar hasta el viernes 11 de agosto de 2023.<\/p>\n<p>Vale aclarar que quedar\u00e1n excluidos de poder recibir esta asistencia econ\u00f3mica aquellos productores que hayan recibido financiamiento en el marco de la l\u00ednea de prevenci\u00f3n y recomposici\u00f3n productiva 2022.<\/p>\n","protected":false},"excerpt":{"rendered":"<p>Se destinar\u00e1n $ 1.000 millones a trav\u00e9s de dos l\u00edneas de financiamiento sin intereses para productores ganaderos y mixtos. En el marco del acompa\u00f1amiento impulsado por el Gobierno Provincial a las distintas actividades agropecuarias afectadas por la sequ\u00eda, el Ministerio de Producci\u00f3n, Ciencia y Tecnolog\u00eda inicia una nueva inscripci\u00f3n a dos l\u00edneas de financiamiento, sin [&hellip;]<\/p>\n","protected":false},"author":3,"featured_media":45830,"comment_status":"closed","ping_status":"closed","sticky":false,"template":"","format":"standard","meta":{"_joinchat":[],"footnotes":""},"categories":[60],"tags":[],"class_list":{"0":"post-45828","1":"post","2":"type-post","3":"status-publish","4":"format-standard","5":"has-post-thumbnail","7":"category-provinciales"},"_links":{"self":[{"href":"https:\/\/infovera.com.ar\/web\/wp-json\/wp\/v2\/posts\/45828","targetHints":{"allow":["GET"]}}],"collection":[{"href":"https:\/\/infovera.com.ar\/web\/wp-json\/wp\/v2\/posts"}],"about":[{"href":"https:\/\/infovera.com.ar\/web\/wp-json\/wp\/v2\/types\/post"}],"author":[{"embeddable":true,"href":"https:\/\/infovera.com.ar\/web\/wp-json\/wp\/v2\/users\/3"}],"replies":[{"embeddable":true,"href":"https:\/\/infovera.com.ar\/web\/wp-json\/wp\/v2\/comments?post=45828"}],"version-history":[{"count":0,"href":"https:\/\/infovera.com.ar\/web\/wp-json\/wp\/v2\/posts\/45828\/revisions"}],"wp:featuredmedia":[{"embeddable":true,"href":"https:\/\/infovera.com.ar\/web\/wp-json\/wp\/v2\/media\/45830"}],"wp:attachment":[{"href":"https:\/\/infovera.com.ar\/web\/wp-json\/wp\/v2\/media?parent=45828"}],"wp:term":[{"taxonomy":"category","embeddable":true,"href":"https:\/\/infovera.com.ar\/web\/wp-json\/wp\/v2\/categories?post=45828"},{"taxonomy":"post_tag","embeddable":true,"href":"https:\/\/infovera.com.ar\/web\/wp-json\/wp\/v2\/tags?post=45828"}],"curies":[{"name":"wp","href":"https:\/\/api.w.org\/{rel}","templated":true}]}}