{"id":45773,"date":"2023-08-01T16:12:44","date_gmt":"2023-08-01T19:12:44","guid":{"rendered":"https:\/\/infovera.com.ar\/web\/?p=45773"},"modified":"2023-08-01T16:51:04","modified_gmt":"2023-08-01T19:51:04","slug":"primera-reunion-de-la-paritaria-docente-de-la-segunda-mitad-del-ano","status":"publish","type":"post","link":"https:\/\/infovera.com.ar\/web\/2023\/08\/01\/primera-reunion-de-la-paritaria-docente-de-la-segunda-mitad-del-ano\/","title":{"rendered":"Primera reuni\u00f3n de la paritaria docente de la segunda mitad del a\u00f1o"},"content":{"rendered":"<p>Se acordaron los criterios que se tendr\u00e1n en consideraci\u00f3n para abordar las cuestiones referidas a condiciones de trabajo y salariales.<\/p>\n<p>Los ministros de Educaci\u00f3n, V\u00edctor Debloc, y de Trabajo, Empleo y Seguridad Social, Juan Manuel Pusineri, acompa\u00f1ados de funcionarios del ministerio de Econom\u00eda, encabezaron la primera reuni\u00f3n de la segunda mitad del a\u00f1o con autoridades de los gremios docentes que negocian en el \u00e1mbito paritario estatal de la provincia.<\/p>\n<p>Al t\u00e9rmino del encuentro, Pusineri brind\u00f3 precisiones acerca de lo conversado: \u201cIniciamos nuevamente el proceso de negociaci\u00f3n paritaria espec\u00edficamente con los gremios del sector docente: AMSAFE, UDA, AMEP y SADOP.<\/p>\n<p>En esta oportunidad intercambiamos criterios acerca de lo que vamos a abordar durante la semana, en este caso lo que tiene que ver con lo salarial, por un lado, y por otro con lo referido a condiciones de trabajo, con todo lo que ya viene trabajando en instancias t\u00e9cnicas el Ministerio de Educaci\u00f3n. Con respecto a lo salarial, ratificamos el objetivo que ha marcado el gobernador Perotti: de que el salario de las y los trabajadores p\u00fablicos quede por encima de la inflaci\u00f3n\u201d.<\/p>\n<p>El minsitro manifest\u00f3 que \u201clos gremios han planteado alg\u00fan escal\u00f3n m\u00e1s significativo para el mes de agosto y alg\u00fan resguardo o garant\u00eda que las estar\u00edan proporcionando las cl\u00e1usulas denominadas gatillo o de actualizaci\u00f3n autom\u00e1tica. Esto va a ser materia a tratar durante esta semana para poder llegar al pr\u00f3ximo lunes con una propuesta salarial concreta.\u201d<\/p>\n<p>Consultado acerca de las posibilidades de extensi\u00f3n del acuerdo salarial, el titular de la cartera laboral asegur\u00f3: \u201cTodas las alternativas que se propongan van a ser analizadas. No descarto que podamos trabajar en un acuerdo hasta el mes de diciembre. En el caso de que el acuerdo sea de una extensi\u00f3n m\u00e1s larga, aparece como razonable el pedido de una garant\u00eda frente a la inflaci\u00f3n. Lo que podamos componer es lo que se va a poner sobre la mesa. Vamos a trabajar con una propuesta que previamente ser\u00e1 intercambiada con los gremios, no vamos a hacer una oferta que no atienda estos planteos. El tema de tener alg\u00fan tipo de cobertura del salario frente a la inflaci\u00f3n forma parte de ello\u201d, puntualiz\u00f3.<\/p>\n<p>En cuanto a las deliberaciones de temas espec\u00edficos de lo educativo, Debloc precis\u00f3 que \u201cse ha valorado todo el proceso que se viene desarrollando y particularmente los gremios plantearon el tema del concurso de ascenso a cargos directivos para los niveles inicial, primario y para educaci\u00f3n especial, as\u00ed como tambi\u00e9n para la educaci\u00f3n secundaria. En este sentido hay un borrador que circula entre los sindicatos, a la vez que ya hubo dos o tres reuniones t\u00e9cnicas y har\u00edamos una m\u00e1s en estos d\u00edas, de tal manera de hacer una presentaci\u00f3n definitiva de la propuesta del concurso a los tramos directivos que hace muchos a\u00f1os que no se hace en la provincia de Santa Fe y que implicar\u00eda una gran oportunidad para el desarrollo de la carrera docente\u201d.<\/p>\n<p>\u201cAsimismo -continu\u00f3 el ministro de Educaci\u00f3n-, tambi\u00e9n se abord\u00f3 el pedido de un nuevo concurso de titularizaci\u00f3n de cargos y horas c\u00e1tedra, tanto tambi\u00e9n para IPE como para secundaria, y en ese sentido ya tenemos elaborado un cronograma que empezar\u00eda en septiembre y culminar\u00eda en parte en marzo y en parte en julio del a\u00f1o que viene, pero d\u00e1ndole continuidad a todos los concursos que est\u00e1n en estos dos a\u00f1os\u201d.<\/p>\n<p>En ese contexto, V\u00edctor Debloc tambi\u00e9n hizo menci\u00f3n a los avances relacionados con los dispositivos territoriales de convivencia se\u00f1alando que \u201cse est\u00e1 buscando la definici\u00f3n de las funciones de estos equipos de modo de poder anclar esa tarea en las regionales educativas, acompa\u00f1ando los procesos y las dificultades de convivencia que hay en las escuelas secundarias\u201d, finaliz\u00f3.<\/p>\n","protected":false},"excerpt":{"rendered":"<p>Se acordaron los criterios que se tendr\u00e1n en consideraci\u00f3n para abordar las cuestiones referidas a condiciones de trabajo y salariales. Los ministros de Educaci\u00f3n, V\u00edctor Debloc, y de Trabajo, Empleo y Seguridad Social, Juan Manuel Pusineri, acompa\u00f1ados de funcionarios del ministerio de Econom\u00eda, encabezaron la primera reuni\u00f3n de la segunda mitad del a\u00f1o con autoridades [&hellip;]<\/p>\n","protected":false},"author":3,"featured_media":45774,"comment_status":"closed","ping_status":"closed","sticky":false,"template":"","format":"standard","meta":{"_joinchat":[],"footnotes":""},"categories":[60],"tags":[],"class_list":{"0":"post-45773","1":"post","2":"type-post","3":"status-publish","4":"format-standard","5":"has-post-thumbnail","7":"category-provinciales"},"_links":{"self":[{"href":"https:\/\/infovera.com.ar\/web\/wp-json\/wp\/v2\/posts\/45773","targetHints":{"allow":["GET"]}}],"collection":[{"href":"https:\/\/infovera.com.ar\/web\/wp-json\/wp\/v2\/posts"}],"about":[{"href":"https:\/\/infovera.com.ar\/web\/wp-json\/wp\/v2\/types\/post"}],"author":[{"embeddable":true,"href":"https:\/\/infovera.com.ar\/web\/wp-json\/wp\/v2\/users\/3"}],"replies":[{"embeddable":true,"href":"https:\/\/infovera.com.ar\/web\/wp-json\/wp\/v2\/comments?post=45773"}],"version-history":[{"count":0,"href":"https:\/\/infovera.com.ar\/web\/wp-json\/wp\/v2\/posts\/45773\/revisions"}],"wp:featuredmedia":[{"embeddable":true,"href":"https:\/\/infovera.com.ar\/web\/wp-json\/wp\/v2\/media\/45774"}],"wp:attachment":[{"href":"https:\/\/infovera.com.ar\/web\/wp-json\/wp\/v2\/media?parent=45773"}],"wp:term":[{"taxonomy":"category","embeddable":true,"href":"https:\/\/infovera.com.ar\/web\/wp-json\/wp\/v2\/categories?post=45773"},{"taxonomy":"post_tag","embeddable":true,"href":"https:\/\/infovera.com.ar\/web\/wp-json\/wp\/v2\/tags?post=45773"}],"curies":[{"name":"wp","href":"https:\/\/api.w.org\/{rel}","templated":true}]}}