{"id":45770,"date":"2023-08-01T16:10:19","date_gmt":"2023-08-01T19:10:19","guid":{"rendered":"https:\/\/infovera.com.ar\/web\/?p=45770"},"modified":"2023-08-01T17:18:02","modified_gmt":"2023-08-01T20:18:02","slug":"paritaria-de-salud-cuarto-intermedio-hasta-el-martes-que-viene","status":"publish","type":"post","link":"https:\/\/infovera.com.ar\/web\/2023\/08\/01\/paritaria-de-salud-cuarto-intermedio-hasta-el-martes-que-viene\/","title":{"rendered":"Paritaria de salud: cuarto intermedio hasta el martes que viene"},"content":{"rendered":"<p>La provincia de Santa Fe, a trav\u00e9s de los ministerios de Trabajo, Empleo y Seguridad Social, Salud y Econom\u00eda, se reuni\u00f3 con representantes gremiales de los profesionales de la salud, nucleados en AMRA y en SIPRUS, en el inicio del di\u00e1logo paritario que establecer\u00e1 la pauta salarial para los meses futuros, entre otras cuestiones.<\/p>\n<p>La reuni\u00f3n estuvo encabezada por el director de la Regional Santa Fe de la cartera laboral, Juan Mario Quagliotti; los subsecretarios de Trabajo, Antonio Milici, y de Recursos Humanos y Funci\u00f3n P\u00fablica del Ministerio de Econom\u00eda, Jos\u00e9 Puccio; y la secretaria de Administraci\u00f3n del Ministerio de Salud, Pamela Su\u00e1rez.<\/p>\n<p>Este primer encuentro tuvo como objeto establecer los temas y criterios sobre los que se desarrollar\u00e1n las negociaciones durante los pr\u00f3ximos d\u00edas.<\/p>\n<p>Al t\u00e9rmino del encuentro, Quagliotti manifest\u00f3 que \u201cvamos a estudiar las propuestas que nos acercaron los representantes gremiales y a considerarlas en el marco de la pol\u00edtica salarial del gobierno provincial\u201d.<\/p>\n<p>Asimismo, el funcionario se\u00f1al\u00f3 que tambi\u00e9n se dialog\u00f3 acerca \u201cdel avance en el proceso de pase a planta de las y los agentes contratados que se est\u00e1 produciendo como resultado del acuerdo paritario cerrado a principios de este a\u00f1o. Como se ha expresado en diferentes oportunidades, la meta que nos ha marcado el gobernador Perotti es que las y los contratados durante la pandemia, y que se encuentren dentro de las condiciones establecidas oportunamente, puedan acceder a su estabilidad laboral. Y esto es a lo que nos estamos abocando\u201d, acot\u00f3 el funcionario.<\/p>\n<p>Las partes acordaron avanzar durante esta semana en los ejes detallados y volver a concretar una reuni\u00f3n el martes 8 de agosto.<\/p>\n","protected":false},"excerpt":{"rendered":"<p>La provincia de Santa Fe, a trav\u00e9s de los ministerios de Trabajo, Empleo y Seguridad Social, Salud y Econom\u00eda, se reuni\u00f3 con representantes gremiales de los profesionales de la salud, nucleados en AMRA y en SIPRUS, en el inicio del di\u00e1logo paritario que establecer\u00e1 la pauta salarial para los meses futuros, entre otras cuestiones. La [&hellip;]<\/p>\n","protected":false},"author":3,"featured_media":45771,"comment_status":"closed","ping_status":"closed","sticky":false,"template":"","format":"standard","meta":{"_joinchat":[],"footnotes":""},"categories":[60],"tags":[],"class_list":{"0":"post-45770","1":"post","2":"type-post","3":"status-publish","4":"format-standard","5":"has-post-thumbnail","7":"category-provinciales"},"_links":{"self":[{"href":"https:\/\/infovera.com.ar\/web\/wp-json\/wp\/v2\/posts\/45770","targetHints":{"allow":["GET"]}}],"collection":[{"href":"https:\/\/infovera.com.ar\/web\/wp-json\/wp\/v2\/posts"}],"about":[{"href":"https:\/\/infovera.com.ar\/web\/wp-json\/wp\/v2\/types\/post"}],"author":[{"embeddable":true,"href":"https:\/\/infovera.com.ar\/web\/wp-json\/wp\/v2\/users\/3"}],"replies":[{"embeddable":true,"href":"https:\/\/infovera.com.ar\/web\/wp-json\/wp\/v2\/comments?post=45770"}],"version-history":[{"count":0,"href":"https:\/\/infovera.com.ar\/web\/wp-json\/wp\/v2\/posts\/45770\/revisions"}],"wp:featuredmedia":[{"embeddable":true,"href":"https:\/\/infovera.com.ar\/web\/wp-json\/wp\/v2\/media\/45771"}],"wp:attachment":[{"href":"https:\/\/infovera.com.ar\/web\/wp-json\/wp\/v2\/media?parent=45770"}],"wp:term":[{"taxonomy":"category","embeddable":true,"href":"https:\/\/infovera.com.ar\/web\/wp-json\/wp\/v2\/categories?post=45770"},{"taxonomy":"post_tag","embeddable":true,"href":"https:\/\/infovera.com.ar\/web\/wp-json\/wp\/v2\/tags?post=45770"}],"curies":[{"name":"wp","href":"https:\/\/api.w.org\/{rel}","templated":true}]}}