{"id":45766,"date":"2023-07-31T21:58:52","date_gmt":"2023-08-01T00:58:52","guid":{"rendered":"https:\/\/infovera.com.ar\/web\/?p=45766"},"modified":"2023-07-31T21:58:52","modified_gmt":"2023-08-01T00:58:52","slug":"alumnos-de-la-escuela-441-jose-de-san-martin-representaran-a-vera-en-la-feria-de-ciencias-provincial","status":"publish","type":"post","link":"https:\/\/infovera.com.ar\/web\/2023\/07\/31\/alumnos-de-la-escuela-441-jose-de-san-martin-representaran-a-vera-en-la-feria-de-ciencias-provincial\/","title":{"rendered":"Alumnos de la Escuela 441 &#8220;Jos\u00e9 de San Mart\u00edn&#8221; representar\u00e1n a Vera en la Feria de Ciencias Provincial"},"content":{"rendered":"<p>La Comunidad Educativa de la Escuela \u201cManuel Belgrano N\u00b0 442\u201d de Vera, anfitriona de la Feria Regional de Ciencias, Arte y Tecnolog\u00eda, felicita a las siguientes Instituciones Educativas de la regi\u00f3n que ser\u00e1n parte de la Instancia Provincial que se realizar\u00e1 en el mes de agosto en la capital de la provincia:<\/p>\n<p>Escuelas Primarias:<\/p>\n<p>N\u00b0 1050 &#8220;Bartolom\u00e9 Mitre&#8221;- Paraje el 29: \u201cEl Almac\u00e9n del Monte Bis\u201d<\/p>\n<p>N\u00b0 6117 &#8220;Remedios de Escalada de San Martin&#8221;- Calchaqu\u00ed: \u201cMurmullos Nocivos\u201d<\/p>\n<p><span style=\"color: #ff0000;\"><strong>N\u00b0 441 \u201cGeneral Jos\u00e9 de San Martin\u201d- Vera: \u201cSi usas redes, no te enredes\u201d<\/strong><\/span><\/p>\n<p>Jardines de infantes:<\/p>\n<p>N\u00b0 215 \u201cSara Faisal\u201d- Margarita: \u201cImplementaci\u00f3n de herramientas digitales y otros, como recurso innovador did\u00e1ctico pedag\u00f3gico\u201d<\/p>\n<p>N\u00b0 211 \u201cRosario Vera Pe\u00f1aloza\u201d \u2013 Malabrigo: \u201cRa\u00edces s\u00f3lidas de una ciudad con identidad propia\u201d que vive, crece y se proyecta al futuro.<\/p>\n<p>&nbsp;<\/p>\n<p><strong>La Feria<\/strong><\/p>\n<p>Con el eje puesto en el compromiso de construcci\u00f3n de ciudadan\u00eda y en consonancia con los 40 a\u00f1os de recuperaci\u00f3n de la democracia, el ministerio de Educaci\u00f3n constituy\u00f3 este suceso cultural\/educativo de gran significaci\u00f3n social que permite visibilizar el trabajo de las salas y de las aulas de todo el territorio provincial, habilitando nuevos relatos que se inscriben en la comunidad.<\/p>\n<p>En ese marco, desde la coordinaci\u00f3n del evento se prioriz\u00f3 la reafirmaci\u00f3n de los principios establecidos en la Ley de Educaci\u00f3n Nacional, centrados en el enfoque de los derechos humanos, en el cuidado de las infancias y adolescencias, desde una perspectiva de g\u00e9nero, de interculturalidad, de igualdad, para fortalecer una identidad santafesina, argentina y latinoamericana.<\/p>\n<p>En las 16 ferias regionales, que se llevaron adelante en toda la geograf\u00eda provincial, se\u00a0 presentaron 320 trabajos producidos por m\u00e1s de 300 instituciones entre jardines, escuelas primarias, centros de educaci\u00f3n radiales, centros de educaci\u00f3n f\u00edsica y talleres de educaci\u00f3n manual.<\/p>\n<p>En tanto, que luego de la evaluaci\u00f3n de la totalidad de las investigaciones presentadas en las ferias llevadas adelante en las delegaciones regionales, en el pr\u00f3ximo mes de Agosto se concretar\u00e1 la instancia provincial que permite que los trabajos destacados formen parte de la Feria Nacional.<\/p>\n<p>&nbsp;<\/p>\n","protected":false},"excerpt":{"rendered":"<p>La Comunidad Educativa de la Escuela \u201cManuel Belgrano N\u00b0 442\u201d de Vera, anfitriona de la Feria Regional de Ciencias, Arte y Tecnolog\u00eda, felicita a las siguientes Instituciones Educativas de la regi\u00f3n que ser\u00e1n parte de la Instancia Provincial que se realizar\u00e1 en el mes de agosto en la capital de la provincia: Escuelas Primarias: N\u00b0 [&hellip;]<\/p>\n","protected":false},"author":3,"featured_media":45767,"comment_status":"closed","ping_status":"closed","sticky":false,"template":"","format":"standard","meta":{"_joinchat":[],"footnotes":""},"categories":[53],"tags":[],"class_list":{"0":"post-45766","1":"post","2":"type-post","3":"status-publish","4":"format-standard","5":"has-post-thumbnail","7":"category-vera"},"_links":{"self":[{"href":"https:\/\/infovera.com.ar\/web\/wp-json\/wp\/v2\/posts\/45766","targetHints":{"allow":["GET"]}}],"collection":[{"href":"https:\/\/infovera.com.ar\/web\/wp-json\/wp\/v2\/posts"}],"about":[{"href":"https:\/\/infovera.com.ar\/web\/wp-json\/wp\/v2\/types\/post"}],"author":[{"embeddable":true,"href":"https:\/\/infovera.com.ar\/web\/wp-json\/wp\/v2\/users\/3"}],"replies":[{"embeddable":true,"href":"https:\/\/infovera.com.ar\/web\/wp-json\/wp\/v2\/comments?post=45766"}],"version-history":[{"count":0,"href":"https:\/\/infovera.com.ar\/web\/wp-json\/wp\/v2\/posts\/45766\/revisions"}],"wp:featuredmedia":[{"embeddable":true,"href":"https:\/\/infovera.com.ar\/web\/wp-json\/wp\/v2\/media\/45767"}],"wp:attachment":[{"href":"https:\/\/infovera.com.ar\/web\/wp-json\/wp\/v2\/media?parent=45766"}],"wp:term":[{"taxonomy":"category","embeddable":true,"href":"https:\/\/infovera.com.ar\/web\/wp-json\/wp\/v2\/categories?post=45766"},{"taxonomy":"post_tag","embeddable":true,"href":"https:\/\/infovera.com.ar\/web\/wp-json\/wp\/v2\/tags?post=45766"}],"curies":[{"name":"wp","href":"https:\/\/api.w.org\/{rel}","templated":true}]}}