{"id":45755,"date":"2023-07-31T18:23:00","date_gmt":"2023-07-31T21:23:00","guid":{"rendered":"https:\/\/infovera.com.ar\/web\/?p=45755"},"modified":"2023-08-01T16:16:37","modified_gmt":"2023-08-01T19:16:37","slug":"recuperan-elementos-robados-a-una-peluqueria-de-calchaqui","status":"publish","type":"post","link":"https:\/\/infovera.com.ar\/web\/2023\/07\/31\/recuperan-elementos-robados-a-una-peluqueria-de-calchaqui\/","title":{"rendered":"Recuperan elementos robados a una barber\u00eda de Calchaqu\u00ed"},"content":{"rendered":"<p>Personal de la Comisar\u00eda 2da. de Calchaqu\u00ed, a ra\u00edz de la denuncia radicada el s\u00e1bado por un peluquero logr\u00f3 recuperar elementos robados.<\/p>\n<p>\u00c1ngel Gauna expuso que autor\/es ignorados sustrajeron diferentes elementos de uso para peluquer\u00eda (batas, tijeras, navajas, etc).<\/p>\n<p>De investigaciones realizadas por personal actuante se estableci\u00f3 que no ser\u00eda ajeno al il\u00edcito un joven de 20 a\u00f1os, domiciliado en ese medio, logr\u00e1ndose recuperar los objetos denunciados como sustra\u00eddos.<\/p>\n<p>Se dio intervenci\u00f3n al fiscal en turno quien dispuso diligencias a seguir.<\/p>\n","protected":false},"excerpt":{"rendered":"<p>Personal de la Comisar\u00eda 2da. de Calchaqu\u00ed, a ra\u00edz de la denuncia radicada el s\u00e1bado por un peluquero logr\u00f3 recuperar elementos robados. \u00c1ngel Gauna expuso que autor\/es ignorados sustrajeron diferentes elementos de uso para peluquer\u00eda (batas, tijeras, navajas, etc). De investigaciones realizadas por personal actuante se estableci\u00f3 que no ser\u00eda ajeno al il\u00edcito un joven [&hellip;]<\/p>\n","protected":false},"author":3,"featured_media":45756,"comment_status":"closed","ping_status":"closed","sticky":false,"template":"","format":"standard","meta":{"_joinchat":[],"footnotes":""},"categories":[52,30],"tags":[],"class_list":{"0":"post-45755","1":"post","2":"type-post","3":"status-publish","4":"format-standard","5":"has-post-thumbnail","7":"category-calchaqui","8":"category-policiales"},"_links":{"self":[{"href":"https:\/\/infovera.com.ar\/web\/wp-json\/wp\/v2\/posts\/45755","targetHints":{"allow":["GET"]}}],"collection":[{"href":"https:\/\/infovera.com.ar\/web\/wp-json\/wp\/v2\/posts"}],"about":[{"href":"https:\/\/infovera.com.ar\/web\/wp-json\/wp\/v2\/types\/post"}],"author":[{"embeddable":true,"href":"https:\/\/infovera.com.ar\/web\/wp-json\/wp\/v2\/users\/3"}],"replies":[{"embeddable":true,"href":"https:\/\/infovera.com.ar\/web\/wp-json\/wp\/v2\/comments?post=45755"}],"version-history":[{"count":0,"href":"https:\/\/infovera.com.ar\/web\/wp-json\/wp\/v2\/posts\/45755\/revisions"}],"wp:featuredmedia":[{"embeddable":true,"href":"https:\/\/infovera.com.ar\/web\/wp-json\/wp\/v2\/media\/45756"}],"wp:attachment":[{"href":"https:\/\/infovera.com.ar\/web\/wp-json\/wp\/v2\/media?parent=45755"}],"wp:term":[{"taxonomy":"category","embeddable":true,"href":"https:\/\/infovera.com.ar\/web\/wp-json\/wp\/v2\/categories?post=45755"},{"taxonomy":"post_tag","embeddable":true,"href":"https:\/\/infovera.com.ar\/web\/wp-json\/wp\/v2\/tags?post=45755"}],"curies":[{"name":"wp","href":"https:\/\/api.w.org\/{rel}","templated":true}]}}