{"id":45750,"date":"2023-07-31T17:20:28","date_gmt":"2023-07-31T20:20:28","guid":{"rendered":"https:\/\/infovera.com.ar\/web\/?p=45750"},"modified":"2023-07-31T17:20:28","modified_gmt":"2023-07-31T20:20:28","slug":"la-provincia-inicio-el-dialogo-paritario-con-los-gremios-de-la-administracion-central-2","status":"publish","type":"post","link":"https:\/\/infovera.com.ar\/web\/2023\/07\/31\/la-provincia-inicio-el-dialogo-paritario-con-los-gremios-de-la-administracion-central-2\/","title":{"rendered":"La provincia inici\u00f3 el di\u00e1logo paritario con los gremios de la administraci\u00f3n central"},"content":{"rendered":"<p>Los ministros de Trabajo, Empleo y Seguridad Social, Juan Manuel Pusineri, y de Econom\u00eda, Walter Agosto, encabezaron este jueves una nueva\u00a0reuni\u00f3n paritaria\u00a0con los representantes de los gremios de la administraci\u00f3n central, ATE y UPCN. Del encuentro participaron los secretarios generales de UPCN, Jorge Molina; y ATE, Jorge Hoffmann.<\/p>\n<p>Al t\u00e9rmino de la reuni\u00f3n, Pusineri realiz\u00f3 una evaluaci\u00f3n del intercambio mantenido: \u201ccon esta reuni\u00f3n hemos iniciado las conversaciones paritarias que se repetir\u00e1n esta tarde y ma\u00f1ana con diferentes representaciones sindicales. La idea es establecer un esquema de trabajo que nos lleve a poder formular una propuesta en lo salarial y en lo referente a condiciones de trabajo el lunes de la semana que viene. Durante esta semana vamos escuchar cu\u00e1les son las expectativas, las aspiraciones y los intereses del sector gremial estatal\u201d.<\/p>\n<p>Consultado acerca de la posibilidad de realizar acuerdos salariales trimestrales, el ministro afirm\u00f3: \u201creitero lo que venimos diciendo desde que comenz\u00f3 a hacerse p\u00fablica la convocatoria: ning\u00fan instrumento est\u00e1 descartado, todas las posibilidades est\u00e1n sobre la mesa, pero esas posibilidades dependen del acuerdo. En el marco de la negociaci\u00f3n colectiva no hay propuestas unilaterales, sino que requieren de acuerdos. De forma tal que en la medida en que nos pongamos de acuerdo sobre el instrumento, ya sea en cuanto a su duraci\u00f3n, sus caracter\u00edsticas, nosotros lo vamos a utilizar porque compartimos el objetivo central que es preservar el poder adquisitivo de los salarios\u201d.<\/p>\n<p>En relaci\u00f3n a los posibles desajustes entre inflaci\u00f3n y salario, Pusineri destac\u00f3 que: \u201cprecisamente, estas reuniones est\u00e1n previstas para tratar estos temas. Siempre se pone sobre la mesa la posibilidad de cubrir los desfasajes inflacionarios. Los instrumentos -como las revisiones o las cl\u00e1usulas gatillo o de ajuste autom\u00e1tico- son para prever que la inflaci\u00f3n no termine por sobre los salarios, por lo que est\u00e1n dentro de las posibilidades que vamos a contemplar dentro de estas reuniones,\u201d puntualiz\u00f3.<\/p>\n<p>Finalmente, el funcionario subray\u00f3 que el acuerdo alcanzado en la negociaci\u00f3n paritaria anterior acerca del pase a planta permanente de los agentes de la administraci\u00f3n p\u00fablica, especialmente del sector salud, se est\u00e1 llevando adelante: \u201cestamos acelerando los tr\u00e1mites en todas las jurisdicciones, porque la voluntad del gobernador Perotti es que todos los contratados que se encuentren en condiciones pasen a planta. Es algo acordado y queremos darle cumplimiento total\u201d.<\/p>\n<p>La apertura de reuniones paritarias continuar\u00e1 este lunes 31 de julio por la tarde con los gremios docentes (AMSAFE, UDA, AMET y SADOP) y el martes 1 de agosto con representantes de profesionales de la salud.<\/p>\n","protected":false},"excerpt":{"rendered":"<p>Los ministros de Trabajo, Empleo y Seguridad Social, Juan Manuel Pusineri, y de Econom\u00eda, Walter Agosto, encabezaron este jueves una nueva\u00a0reuni\u00f3n paritaria\u00a0con los representantes de los gremios de la administraci\u00f3n central, ATE y UPCN. Del encuentro participaron los secretarios generales de UPCN, Jorge Molina; y ATE, Jorge Hoffmann. Al t\u00e9rmino de la reuni\u00f3n, Pusineri realiz\u00f3 [&hellip;]<\/p>\n","protected":false},"author":3,"featured_media":45751,"comment_status":"closed","ping_status":"closed","sticky":false,"template":"","format":"standard","meta":{"_joinchat":[],"footnotes":""},"categories":[60],"tags":[],"class_list":{"0":"post-45750","1":"post","2":"type-post","3":"status-publish","4":"format-standard","5":"has-post-thumbnail","7":"category-provinciales"},"_links":{"self":[{"href":"https:\/\/infovera.com.ar\/web\/wp-json\/wp\/v2\/posts\/45750","targetHints":{"allow":["GET"]}}],"collection":[{"href":"https:\/\/infovera.com.ar\/web\/wp-json\/wp\/v2\/posts"}],"about":[{"href":"https:\/\/infovera.com.ar\/web\/wp-json\/wp\/v2\/types\/post"}],"author":[{"embeddable":true,"href":"https:\/\/infovera.com.ar\/web\/wp-json\/wp\/v2\/users\/3"}],"replies":[{"embeddable":true,"href":"https:\/\/infovera.com.ar\/web\/wp-json\/wp\/v2\/comments?post=45750"}],"version-history":[{"count":0,"href":"https:\/\/infovera.com.ar\/web\/wp-json\/wp\/v2\/posts\/45750\/revisions"}],"wp:featuredmedia":[{"embeddable":true,"href":"https:\/\/infovera.com.ar\/web\/wp-json\/wp\/v2\/media\/45751"}],"wp:attachment":[{"href":"https:\/\/infovera.com.ar\/web\/wp-json\/wp\/v2\/media?parent=45750"}],"wp:term":[{"taxonomy":"category","embeddable":true,"href":"https:\/\/infovera.com.ar\/web\/wp-json\/wp\/v2\/categories?post=45750"},{"taxonomy":"post_tag","embeddable":true,"href":"https:\/\/infovera.com.ar\/web\/wp-json\/wp\/v2\/tags?post=45750"}],"curies":[{"name":"wp","href":"https:\/\/api.w.org\/{rel}","templated":true}]}}