{"id":45723,"date":"2023-07-30T19:26:28","date_gmt":"2023-07-30T22:26:28","guid":{"rendered":"https:\/\/infovera.com.ar\/web\/?p=45723"},"modified":"2023-07-31T10:57:02","modified_gmt":"2023-07-31T13:57:02","slug":"huracan-se-despidio-con-una-derrota-ante-barrio-norte-de-la-copa-santa-fe","status":"publish","type":"post","link":"https:\/\/infovera.com.ar\/web\/2023\/07\/30\/huracan-se-despidio-con-una-derrota-ante-barrio-norte-de-la-copa-santa-fe\/","title":{"rendered":"Hurac\u00e1n se despidi\u00f3 con una derrota ante Barrio Norte de la Copa Santa Fe"},"content":{"rendered":"<p>Se termin\u00f3 de jugar la segunda etapa de Copa Santa Fe.<\/p>\n<p>Hurac\u00e1n FBC volvi\u00f3 a perder, esta vez de local, ante Barrio Norte por 4 a 2 y se despidi\u00f3 de la competencia provincial.<\/p>\n<p>Los goles para la visita fueron de Nicol\u00e1s N\u00fa\u00f1ez Nicol\u00e1s, Jhonatan Colussi y Braian Pagura, mientras que para el Globo anotaron Luis Vel\u00e1zquez y Mat\u00edas Ayala Vera.<\/p>\n<p>El global final favoreci\u00f3 al equipo de Avellaneda por 6 a 2.<\/p>\n<p>Adem\u00e1s, de local Juventud de Malabrigo super\u00f3 a Ex -Alumnos de Villa Ocampo por 2 a 0 y el global termin\u00f3 en empatado en 3 goles, ,lo que oblig\u00f3 aun definici\u00f3n por tiros desde el punto penal.<\/p>\n<p>El Lorito tuvo m\u00e1s punter\u00eda y han\u00f3 3 a 2, lo que lo habilit\u00f3 a enfrentarse con Barrio Norte en la siguiente etapa.<\/p>\n<p>En Recreo, jugaron La Perla del Oeste y Hurac\u00e1n LC, encuentro que finaliz\u00f3 empatado 1 a 1, on un global 2 a 2 donde la visita gan\u00f3 4 a 3 desde los doce pasos y obtuvo el pase para enfrentarse con Juventud de Esperanza la pr\u00f3xima semana.<\/p>\n<p>En liga verense se jug\u00f3 solamente la Zona Sur: el cl\u00e1sico de la ciudad de Crespo entre el Cueli (Belgrano ) y el Tate (Uni\u00f3n) termin\u00f3 empatado 1 a 1.<\/p>\n<p>Gardel derrot\u00f3 4 a 2 River Plate de San Mart\u00edn Norte, y Giuliani se impuso 2 a 0 a Alumni .<\/p>\n<p>As\u00ed quedaron ambas zonas las tablas de posiciones:<\/p>\n<p><a href=\"https:\/\/infovera.com.ar\/web\/wp-content\/uploads\/2023\/07\/tabla.jpg\"><img loading=\"lazy\" decoding=\"async\" class=\"alignleft size-full wp-image-45726\" src=\"https:\/\/infovera.com.ar\/web\/wp-content\/uploads\/2023\/07\/tabla.jpg\" alt=\"\" width=\"800\" height=\"949\" srcset=\"https:\/\/infovera.com.ar\/web\/wp-content\/uploads\/2023\/07\/tabla.jpg 800w, https:\/\/infovera.com.ar\/web\/wp-content\/uploads\/2023\/07\/tabla-696x826.jpg 696w, https:\/\/infovera.com.ar\/web\/wp-content\/uploads\/2023\/07\/tabla-354x420.jpg 354w\" sizes=\"auto, (max-width: 800px) 100vw, 800px\" \/><\/a><\/p>\n<p><a href=\"https:\/\/infovera.com.ar\/web\/wp-content\/uploads\/2023\/07\/seg.jpg\"><img loading=\"lazy\" decoding=\"async\" class=\"alignleft size-full wp-image-45725\" src=\"https:\/\/infovera.com.ar\/web\/wp-content\/uploads\/2023\/07\/seg.jpg\" alt=\"\" width=\"800\" height=\"544\" srcset=\"https:\/\/infovera.com.ar\/web\/wp-content\/uploads\/2023\/07\/seg.jpg 800w, https:\/\/infovera.com.ar\/web\/wp-content\/uploads\/2023\/07\/seg-696x473.jpg 696w, https:\/\/infovera.com.ar\/web\/wp-content\/uploads\/2023\/07\/seg-618x420.jpg 618w\" sizes=\"auto, (max-width: 800px) 100vw, 800px\" \/><\/a><\/p>\n<p>&nbsp;<\/p>\n<p>&nbsp;<\/p>\n","protected":false},"excerpt":{"rendered":"<p>Se termin\u00f3 de jugar la segunda etapa de Copa Santa Fe. Hurac\u00e1n FBC volvi\u00f3 a perder, esta vez de local, ante Barrio Norte por 4 a 2 y se despidi\u00f3 de la competencia provincial. Los goles para la visita fueron de Nicol\u00e1s N\u00fa\u00f1ez Nicol\u00e1s, Jhonatan Colussi y Braian Pagura, mientras que para el Globo anotaron [&hellip;]<\/p>\n","protected":false},"author":3,"featured_media":45724,"comment_status":"closed","ping_status":"closed","sticky":false,"template":"","format":"standard","meta":{"_joinchat":[],"footnotes":""},"categories":[31,35,53],"tags":[],"class_list":{"0":"post-45723","1":"post","2":"type-post","3":"status-publish","4":"format-standard","5":"has-post-thumbnail","7":"category-deportes","8":"category-futbol","9":"category-vera"},"_links":{"self":[{"href":"https:\/\/infovera.com.ar\/web\/wp-json\/wp\/v2\/posts\/45723","targetHints":{"allow":["GET"]}}],"collection":[{"href":"https:\/\/infovera.com.ar\/web\/wp-json\/wp\/v2\/posts"}],"about":[{"href":"https:\/\/infovera.com.ar\/web\/wp-json\/wp\/v2\/types\/post"}],"author":[{"embeddable":true,"href":"https:\/\/infovera.com.ar\/web\/wp-json\/wp\/v2\/users\/3"}],"replies":[{"embeddable":true,"href":"https:\/\/infovera.com.ar\/web\/wp-json\/wp\/v2\/comments?post=45723"}],"version-history":[{"count":0,"href":"https:\/\/infovera.com.ar\/web\/wp-json\/wp\/v2\/posts\/45723\/revisions"}],"wp:featuredmedia":[{"embeddable":true,"href":"https:\/\/infovera.com.ar\/web\/wp-json\/wp\/v2\/media\/45724"}],"wp:attachment":[{"href":"https:\/\/infovera.com.ar\/web\/wp-json\/wp\/v2\/media?parent=45723"}],"wp:term":[{"taxonomy":"category","embeddable":true,"href":"https:\/\/infovera.com.ar\/web\/wp-json\/wp\/v2\/categories?post=45723"},{"taxonomy":"post_tag","embeddable":true,"href":"https:\/\/infovera.com.ar\/web\/wp-json\/wp\/v2\/tags?post=45723"}],"curies":[{"name":"wp","href":"https:\/\/api.w.org\/{rel}","templated":true}]}}