{"id":45699,"date":"2023-07-27T19:53:05","date_gmt":"2023-07-27T22:53:05","guid":{"rendered":"https:\/\/infovera.com.ar\/web\/?p=45699"},"modified":"2023-07-27T19:53:05","modified_gmt":"2023-07-27T22:53:05","slug":"finalizo-la-reparacion-a-la-caneria-averiada-del-acueducto","status":"publish","type":"post","link":"https:\/\/infovera.com.ar\/web\/2023\/07\/27\/finalizo-la-reparacion-a-la-caneria-averiada-del-acueducto\/","title":{"rendered":"Finaliz\u00f3 la reparaci\u00f3n a la ca\u00f1eria averiada del acueducto"},"content":{"rendered":"<p>As\u00ed lo inform\u00f3 Aguas Santafesinas a trav\u00e9s de sus redes sociales.<\/p>\n<p><span class=\"r-18u37iz\"><a class=\"css-4rbku5 css-18t94o4 css-901oao css-16my406 r-1loqt21 r-poiln3 r-bcqeeo r-qvutc0\" dir=\"ltr\" role=\"link\" href=\"https:\/\/twitter.com\/hashtag\/Reconquista?src=hashtag_click\">#Reconquista<\/a><\/span><span class=\"css-901oao css-16my406 r-poiln3 r-bcqeeo r-qvutc0\"> Finaliz\u00f3 la reparaci\u00f3n de la ca\u00f1er\u00eda averiada. Paulatinamente en lo que resta de la jornada y durante la noche se ir\u00e1n recuperando los niveles habituales de prestaci\u00f3n del servicio de agua potable.<\/span><\/p>\n<p>La provisi\u00f3n del servicio estaba interrumpida por esta aver\u00eda desde la 01:00 del jueves 27 de julio y hasta las 07:00 del viernes 28, funcionando los prestadores con los servicios de emergencias alternativos. La reparaci\u00f3n se concret\u00f3 tal cual lo hab\u00edan estipulado.<\/p>\n","protected":false},"excerpt":{"rendered":"<p>As\u00ed lo inform\u00f3 Aguas Santafesinas a trav\u00e9s de sus redes sociales. #Reconquista Finaliz\u00f3 la reparaci\u00f3n de la ca\u00f1er\u00eda averiada. Paulatinamente en lo que resta de la jornada y durante la noche se ir\u00e1n recuperando los niveles habituales de prestaci\u00f3n del servicio de agua potable. La provisi\u00f3n del servicio estaba interrumpida por esta aver\u00eda desde la [&hellip;]<\/p>\n","protected":false},"author":3,"featured_media":45700,"comment_status":"closed","ping_status":"closed","sticky":false,"template":"","format":"standard","meta":{"_joinchat":[],"footnotes":""},"categories":[55],"tags":[],"class_list":{"0":"post-45699","1":"post","2":"type-post","3":"status-publish","4":"format-standard","5":"has-post-thumbnail","7":"category-reconquista"},"_links":{"self":[{"href":"https:\/\/infovera.com.ar\/web\/wp-json\/wp\/v2\/posts\/45699","targetHints":{"allow":["GET"]}}],"collection":[{"href":"https:\/\/infovera.com.ar\/web\/wp-json\/wp\/v2\/posts"}],"about":[{"href":"https:\/\/infovera.com.ar\/web\/wp-json\/wp\/v2\/types\/post"}],"author":[{"embeddable":true,"href":"https:\/\/infovera.com.ar\/web\/wp-json\/wp\/v2\/users\/3"}],"replies":[{"embeddable":true,"href":"https:\/\/infovera.com.ar\/web\/wp-json\/wp\/v2\/comments?post=45699"}],"version-history":[{"count":0,"href":"https:\/\/infovera.com.ar\/web\/wp-json\/wp\/v2\/posts\/45699\/revisions"}],"wp:featuredmedia":[{"embeddable":true,"href":"https:\/\/infovera.com.ar\/web\/wp-json\/wp\/v2\/media\/45700"}],"wp:attachment":[{"href":"https:\/\/infovera.com.ar\/web\/wp-json\/wp\/v2\/media?parent=45699"}],"wp:term":[{"taxonomy":"category","embeddable":true,"href":"https:\/\/infovera.com.ar\/web\/wp-json\/wp\/v2\/categories?post=45699"},{"taxonomy":"post_tag","embeddable":true,"href":"https:\/\/infovera.com.ar\/web\/wp-json\/wp\/v2\/tags?post=45699"}],"curies":[{"name":"wp","href":"https:\/\/api.w.org\/{rel}","templated":true}]}}