{"id":45676,"date":"2023-07-27T09:38:29","date_gmt":"2023-07-27T12:38:29","guid":{"rendered":"https:\/\/infovera.com.ar\/web\/?p=45676"},"modified":"2023-07-27T09:38:29","modified_gmt":"2023-07-27T12:38:29","slug":"dos-aprehendidos-por-un-intento-de-robo","status":"publish","type":"post","link":"https:\/\/infovera.com.ar\/web\/2023\/07\/27\/dos-aprehendidos-por-un-intento-de-robo\/","title":{"rendered":"Dos aprehendidos por un intento de robo"},"content":{"rendered":"<p>Numerarios del Comando Radioel\u00e9ctrico detuvieron a dos j\u00f3venes involucrados en un intento de robo.<\/p>\n<p>A las 18:30 del mi\u00e9rcoles, en inmediaciones de calle Buenos Aires intersecci\u00f3n con calle Santa Fe, de Vera, dos sujetos intentaron ingresar a una vivienda siendo advertido por el propietario de la misma.<\/p>\n<p>Se dieron a la fuga sin lograr su cometido e inmediatamente personal actuante de patrullajes efectuados procediero a su aprehensi\u00f3n.<\/p>\n<p>Fueron identificados y trasladados a sede policial: un mayor de 23 a\u00f1os y un menor de 15 a\u00f1os.<\/p>\n<p>El mayor recuper\u00f3 su estado de libertad y el menor fue entregado a su progenitor quedando bajo su responsabilidad.<\/p>\n","protected":false},"excerpt":{"rendered":"<p>Numerarios del Comando Radioel\u00e9ctrico detuvieron a dos j\u00f3venes involucrados en un intento de robo. A las 18:30 del mi\u00e9rcoles, en inmediaciones de calle Buenos Aires intersecci\u00f3n con calle Santa Fe, de Vera, dos sujetos intentaron ingresar a una vivienda siendo advertido por el propietario de la misma. Se dieron a la fuga sin lograr su [&hellip;]<\/p>\n","protected":false},"author":3,"featured_media":33515,"comment_status":"closed","ping_status":"closed","sticky":false,"template":"","format":"standard","meta":{"_joinchat":[],"footnotes":""},"categories":[30,53],"tags":[],"class_list":{"0":"post-45676","1":"post","2":"type-post","3":"status-publish","4":"format-standard","5":"has-post-thumbnail","7":"category-policiales","8":"category-vera"},"_links":{"self":[{"href":"https:\/\/infovera.com.ar\/web\/wp-json\/wp\/v2\/posts\/45676","targetHints":{"allow":["GET"]}}],"collection":[{"href":"https:\/\/infovera.com.ar\/web\/wp-json\/wp\/v2\/posts"}],"about":[{"href":"https:\/\/infovera.com.ar\/web\/wp-json\/wp\/v2\/types\/post"}],"author":[{"embeddable":true,"href":"https:\/\/infovera.com.ar\/web\/wp-json\/wp\/v2\/users\/3"}],"replies":[{"embeddable":true,"href":"https:\/\/infovera.com.ar\/web\/wp-json\/wp\/v2\/comments?post=45676"}],"version-history":[{"count":0,"href":"https:\/\/infovera.com.ar\/web\/wp-json\/wp\/v2\/posts\/45676\/revisions"}],"wp:featuredmedia":[{"embeddable":true,"href":"https:\/\/infovera.com.ar\/web\/wp-json\/wp\/v2\/media\/33515"}],"wp:attachment":[{"href":"https:\/\/infovera.com.ar\/web\/wp-json\/wp\/v2\/media?parent=45676"}],"wp:term":[{"taxonomy":"category","embeddable":true,"href":"https:\/\/infovera.com.ar\/web\/wp-json\/wp\/v2\/categories?post=45676"},{"taxonomy":"post_tag","embeddable":true,"href":"https:\/\/infovera.com.ar\/web\/wp-json\/wp\/v2\/tags?post=45676"}],"curies":[{"name":"wp","href":"https:\/\/api.w.org\/{rel}","templated":true}]}}