{"id":45655,"date":"2023-07-26T12:23:28","date_gmt":"2023-07-26T15:23:28","guid":{"rendered":"https:\/\/infovera.com.ar\/web\/?p=45655"},"modified":"2023-07-26T12:23:28","modified_gmt":"2023-07-26T15:23:28","slug":"el-99-de-los-trigales-en-estado-optimo-en-el-centro-norte-santafesino","status":"publish","type":"post","link":"https:\/\/infovera.com.ar\/web\/2023\/07\/26\/el-99-de-los-trigales-en-estado-optimo-en-el-centro-norte-santafesino\/","title":{"rendered":"El 99 % de los trigales en estado \u00f3ptimo en el centro &#8211; norte santafesino"},"content":{"rendered":"<p>La semana comprendida entre el 19 y 25 de julio de 2023, se caracteriz\u00f3 por ambientes h\u00famedos, nieblas, neblinas y una marcada amplitud t\u00e9rmica, que ocasionaron condiciones algo desfavorables para la germinaci\u00f3n, emergencia y desarrollo del trigo, dice el informe del Sistema de Estimaciones Agr\u00edcolas para el Centro Norte de la Provincia de Santa Fe, que difunde la Bolsa de Comercio de Santa Fe.<\/p>\n<p>Asimismo, acompa\u00f1aron el proceso de implantaci\u00f3n y se incorporaron nuevos lotes con trigo, dada la disponibilidad de agua \u00fatil en la cama de siembra, pero, siempre con variedades de ciclo corto. Hasta la fecha se implantaron 436.500 ha, el 97 % de la superficie estimada inicialmente que era de 450.000 ha.<\/p>\n<p>El desarrollo del proceso de cosecha de algod\u00f3n y ma\u00edz tard\u00edo continu\u00f3 condicionado por las caracter\u00edsticas clim\u00e1ticas enunciadas, se ranteliz\u00f3 y, adem\u00e1s, influy\u00f3 en la calidad de lo recolectado.<\/p>\n<p>Para el intervalo comprendido entre el 26 de julio y el 01 agosto de 2023, los pron\u00f3sticos prev\u00e9n desde su comienzo estabilidad clim\u00e1tica, cielo totalmente cubierto, con el transcurso de las horas disminuci\u00f3n de la nubosidad, jornadas soleadas, descenso de la temperatura, posibilidad de heladas, buen tiempo como consecuencia de la presencia de un centro de alta presi\u00f3n, condiciones que permanecer\u00edan hasta el final del per\u00edodo.<\/p>\n<p>Las temperaturas diarias fluctuar\u00edan entre m\u00ednimas de 3 a 20 \u00baC y m\u00e1ximas de 16 a 33 \u00baC.<\/p>\n<p><strong>ALGOD\u00d3N<\/strong><\/p>\n<p>Las condiciones ambientales de la semana regularon el normal desarrollo de la cosecha de algod\u00f3n, que en sus comienzos fue lento por la elevada humedad ambiente, pero al final del per\u00edodo continu\u00f3 afectado por las fuertes r\u00e1fagas de viento y luego por las lloviznas.<\/p>\n<p>El grado de avance alcanzado hasta la fecha fue el siguiente:<\/p>\n<p>\u2022 Sector este algodonero fue del 98 %, la tarea finaliz\u00f3 en el departamento General Obligado, quedaron algunas parcelas en el sur del departamento Vera y norte del departamento San Javier, con un adelanto semanal de 4 puntos porcentuales y un adelanto de 4;<\/p>\n<p>\u2022 Sector oeste algodonero fue del 80 % en el departamento Nueve de Julio, con un adelanto de 3 puntos porcentuales y un retraso de 11, en comparaci\u00f3n con la campa\u00f1a pasada.<\/p>\n<p><strong>MA\u00cdZ TARD\u00cdO<\/strong><\/p>\n<p><a href=\"https:\/\/infovera.com.ar\/web\/wp-content\/uploads\/2021\/06\/coop.jpg\"><img loading=\"lazy\" decoding=\"async\" class=\"alignleft size-large wp-image-21624\" src=\"https:\/\/infovera.com.ar\/web\/wp-content\/uploads\/2021\/06\/coop-1024x517.jpg\" alt=\"\" width=\"696\" height=\"351\" srcset=\"https:\/\/infovera.com.ar\/web\/wp-content\/uploads\/2021\/06\/coop-1024x517.jpg 1024w, https:\/\/infovera.com.ar\/web\/wp-content\/uploads\/2021\/06\/coop-300x151.jpg 300w, https:\/\/infovera.com.ar\/web\/wp-content\/uploads\/2021\/06\/coop-768x388.jpg 768w, https:\/\/infovera.com.ar\/web\/wp-content\/uploads\/2021\/06\/coop-1536x775.jpg 1536w, https:\/\/infovera.com.ar\/web\/wp-content\/uploads\/2021\/06\/coop-696x351.jpg 696w, https:\/\/infovera.com.ar\/web\/wp-content\/uploads\/2021\/06\/coop-1068x539.jpg 1068w, https:\/\/infovera.com.ar\/web\/wp-content\/uploads\/2021\/06\/coop-832x420.jpg 832w, https:\/\/infovera.com.ar\/web\/wp-content\/uploads\/2021\/06\/coop.jpg 1654w\" sizes=\"auto, (max-width: 696px) 100vw, 696px\" \/><\/a><\/p>\n<p>Los cultivares de ma\u00edz tard\u00edo se encontraron completamente secos, en estado fenol\u00f3gico R6 (madurez fisiol\u00f3gica) y a la espera de la p\u00e9rdida de la humedad de los granos para su recolecci\u00f3n.<\/p>\n<p>Las condiciones clim\u00e1ticas en general y en particular los elevados porcentajes de humedad, fueron poco favorables para el avance del proceso de cosecha, por lo que la actividad estuvo limitada.<\/p>\n<p>Hasta la fecha el grado de progreso fue del 25 %, con un adelanto semanal de 10 y un retraso de 25 puntos, comparado con la campa\u00f1a pasada.<\/p>\n<p>Los rendimientos promedios obtenidos oscilaron desde m\u00ednimos de 7 &#8211; 9 qq\/ha a m\u00e1ximos de 21 &#8211; 22 qq\/ha, con algunos sembrad\u00edos puntuales que alcanzaron los 30 a 45 qq\/ha, sin variaciones.<\/p>\n<p>Los valores fueron muy heterog\u00e9neos, siempre en relaci\u00f3n con los montos de las precipitaciones acumulados, especialmente, fueron los maizales sembrados en primera instancia los que obtuvieron mejores resultados.<\/p>\n<p>El proceso de picado\/embolsado del cereal de segunda para autoconsumo, tambi\u00e9n estuvo influenciado por el clima y se detuvo, por ello fue escaso el adelanto.<\/p>\n<p><strong>TRIGO<\/strong><\/p>\n<p>Durante un par de d\u00edas de la semana las caracter\u00edsticas ambientales no fueron las m\u00e1s adecuadas para el trigo, dada la gran amplitud t\u00e9rmica y las importantes r\u00e1fagas de viento que ocasionaron la p\u00e9rdida de la humedad del suelo y de los cultivares.<\/p>\n<p>Hasta la fecha, no se evidenciaron impactos y los trigales se encontraron en un 99% en estado bueno, muy bueno y excelente.<\/p>\n<p>Las aplicaciones nitrogenadas no se realizaron masivamente, sino en algunos lotes excepcionales, ya que fueron postergadas para la etapa de macollaje del cereal, dado que se presentaron complicaciones en la disponibilidad de los productos y tambi\u00e9n la incertidumbre de sus costos.<\/p>\n<p>Por lo tanto, se present\u00f3 un nuevo interrogante en el sector productivo, si se sumar\u00eda o no tecnolog\u00eda a la campa\u00f1a, para la obtenci\u00f3n de mejores resultados.<\/p>\n<p>Adem\u00e1s, continu\u00f3 la implantaci\u00f3n, que hasta la fecha alcanz\u00f3 un grado de avance del 97 %, unas 436.500 ha, con un progreso intersemanal de 1 punto y un retraso de 3, comparado con la campa\u00f1a pasada.<\/p>\n<p><a href=\"https:\/\/infovera.com.ar\/web\/wp-content\/uploads\/2021\/06\/coop-1.png\"><img loading=\"lazy\" decoding=\"async\" class=\"alignleft size-full wp-image-21629\" src=\"https:\/\/infovera.com.ar\/web\/wp-content\/uploads\/2021\/06\/coop-1.png\" alt=\"\" width=\"769\" height=\"223\" srcset=\"https:\/\/infovera.com.ar\/web\/wp-content\/uploads\/2021\/06\/coop-1.png 769w, https:\/\/infovera.com.ar\/web\/wp-content\/uploads\/2021\/06\/coop-1-300x87.png 300w, https:\/\/infovera.com.ar\/web\/wp-content\/uploads\/2021\/06\/coop-1-696x202.png 696w\" sizes=\"auto, (max-width: 769px) 100vw, 769px\" \/><\/a><\/p>\n<p><strong>AGUA \u00daTIL<\/strong><\/p>\n<p>En la superficie total del \u00e1rea de estudio del centro norte santafesino, constituida por los departamentos Nueve de Julio, Vera, General Obligado, San Crist\u00f3bal, San Justo, San Javier, Garay, Castellanos, Las Colonias, La Capital, San Mart\u00edn y San Jer\u00f3nimo, la disponibilidad de agua \u00fatil en los primeros 20 cm de los suelos, se encontr\u00f3 con diferentes realidades, desde buena a regular en localidades puntuales y de escasa a nula en otras, como consecuencia de la distribuci\u00f3n heterog\u00e9nea e irregular, de algunas precipitaciones registradas.<\/p>\n<p>Sin \u00f3ptima recuperaci\u00f3n de la humedad en la cama de siembra, despu\u00e9s de las lluvias o llovizna de la semana.<\/p>\n","protected":false},"excerpt":{"rendered":"<p>La semana comprendida entre el 19 y 25 de julio de 2023, se caracteriz\u00f3 por ambientes h\u00famedos, nieblas, neblinas y una marcada amplitud t\u00e9rmica, que ocasionaron condiciones algo desfavorables para la germinaci\u00f3n, emergencia y desarrollo del trigo, dice el informe del Sistema de Estimaciones Agr\u00edcolas para el Centro Norte de la Provincia de Santa Fe, [&hellip;]<\/p>\n","protected":false},"author":3,"featured_media":39101,"comment_status":"closed","ping_status":"closed","sticky":false,"template":"","format":"standard","meta":{"_joinchat":[],"footnotes":""},"categories":[51],"tags":[],"class_list":{"0":"post-45655","1":"post","2":"type-post","3":"status-publish","4":"format-standard","5":"has-post-thumbnail","7":"category-locales"},"_links":{"self":[{"href":"https:\/\/infovera.com.ar\/web\/wp-json\/wp\/v2\/posts\/45655","targetHints":{"allow":["GET"]}}],"collection":[{"href":"https:\/\/infovera.com.ar\/web\/wp-json\/wp\/v2\/posts"}],"about":[{"href":"https:\/\/infovera.com.ar\/web\/wp-json\/wp\/v2\/types\/post"}],"author":[{"embeddable":true,"href":"https:\/\/infovera.com.ar\/web\/wp-json\/wp\/v2\/users\/3"}],"replies":[{"embeddable":true,"href":"https:\/\/infovera.com.ar\/web\/wp-json\/wp\/v2\/comments?post=45655"}],"version-history":[{"count":0,"href":"https:\/\/infovera.com.ar\/web\/wp-json\/wp\/v2\/posts\/45655\/revisions"}],"wp:featuredmedia":[{"embeddable":true,"href":"https:\/\/infovera.com.ar\/web\/wp-json\/wp\/v2\/media\/39101"}],"wp:attachment":[{"href":"https:\/\/infovera.com.ar\/web\/wp-json\/wp\/v2\/media?parent=45655"}],"wp:term":[{"taxonomy":"category","embeddable":true,"href":"https:\/\/infovera.com.ar\/web\/wp-json\/wp\/v2\/categories?post=45655"},{"taxonomy":"post_tag","embeddable":true,"href":"https:\/\/infovera.com.ar\/web\/wp-json\/wp\/v2\/tags?post=45655"}],"curies":[{"name":"wp","href":"https:\/\/api.w.org\/{rel}","templated":true}]}}