{"id":45645,"date":"2023-07-26T11:24:56","date_gmt":"2023-07-26T14:24:56","guid":{"rendered":"https:\/\/infovera.com.ar\/web\/?p=45645"},"modified":"2023-07-26T18:46:25","modified_gmt":"2023-07-26T21:46:25","slug":"el-gobierno-provincial-convoco-a-paritarias-a-los-gremios-del-sector-publico","status":"publish","type":"post","link":"https:\/\/infovera.com.ar\/web\/2023\/07\/26\/el-gobierno-provincial-convoco-a-paritarias-a-los-gremios-del-sector-publico\/","title":{"rendered":"El gobierno provincial convoc\u00f3 a paritarias a los gremios del sector p\u00fablico"},"content":{"rendered":"<p>As\u00ed lo confirm\u00f3 el ministro de Trabajo, Juan Manuel Pusineri. La reuni\u00f3n fue convenida para los sindicatos de la administraci\u00f3n central, UPCN y ATE, pero la convocatoria abarca tambi\u00e9n a los docentes y a los profesionales de la salud.<\/p>\n<p>El gobierno provincial convoc\u00f3 para este lunes 31 a las 11 los gremios de la administraci\u00f3n p\u00fablica, UPCN y ATE, a reuni\u00f3n de comisi\u00f3n paritaria, a los efectos de discutir la pol\u00edtica salarial para los pr\u00f3ximos meses.<\/p>\n<p>As\u00ed lo confirm\u00f3 el ministro de Trabajo, Juan Manuel Pusineri, en tanto la misma convocatoria ser\u00e1 formulada a los gremios docentes y del sistema de salud p\u00fablica.<\/p>\n<p>El acuerdo que se negociar\u00e1 corresponder\u00e1 al segundo semestre y, como es habitual, tomar\u00e1 en consideraci\u00f3n lo que se negocie a nivel nacional. En esta primera instancia, el prop\u00f3sito oficial es tomar nota de las pretensiones de las agrupaciones sindicales, como paso previo a la formulaci\u00f3n de una oferta.<\/p>\n<p>Al respecto, la reapertura de la paritaria cumple con el cronograma pautado de hacerlo en el corriente mes de julio, despu\u00e9s de haber aplicado la actualizaci\u00f3n autom\u00e1tica (o cl\u00e1sula gatillo) en el mes de junio.<\/p>\n<p>Desde los gremios docentes ya adelantaron que la propuesta salarial para el segundo semestre del 2023 deber\u00e1 estar centrada en la recuperaci\u00f3n del poder adquisitivo, debido a que la escala de aumentos acordada hasta julio totaliz\u00f3 un incremento del 49,1%, en tanto que la inflaci\u00f3n acumulada hasta junio tambi\u00e9n fue del 49,1%.<\/p>\n","protected":false},"excerpt":{"rendered":"<p>As\u00ed lo confirm\u00f3 el ministro de Trabajo, Juan Manuel Pusineri. La reuni\u00f3n fue convenida para los sindicatos de la administraci\u00f3n central, UPCN y ATE, pero la convocatoria abarca tambi\u00e9n a los docentes y a los profesionales de la salud. El gobierno provincial convoc\u00f3 para este lunes 31 a las 11 los gremios de la administraci\u00f3n [&hellip;]<\/p>\n","protected":false},"author":3,"featured_media":43178,"comment_status":"closed","ping_status":"closed","sticky":false,"template":"","format":"standard","meta":{"_joinchat":[],"footnotes":""},"categories":[60],"tags":[],"class_list":{"0":"post-45645","1":"post","2":"type-post","3":"status-publish","4":"format-standard","5":"has-post-thumbnail","7":"category-provinciales"},"_links":{"self":[{"href":"https:\/\/infovera.com.ar\/web\/wp-json\/wp\/v2\/posts\/45645","targetHints":{"allow":["GET"]}}],"collection":[{"href":"https:\/\/infovera.com.ar\/web\/wp-json\/wp\/v2\/posts"}],"about":[{"href":"https:\/\/infovera.com.ar\/web\/wp-json\/wp\/v2\/types\/post"}],"author":[{"embeddable":true,"href":"https:\/\/infovera.com.ar\/web\/wp-json\/wp\/v2\/users\/3"}],"replies":[{"embeddable":true,"href":"https:\/\/infovera.com.ar\/web\/wp-json\/wp\/v2\/comments?post=45645"}],"version-history":[{"count":0,"href":"https:\/\/infovera.com.ar\/web\/wp-json\/wp\/v2\/posts\/45645\/revisions"}],"wp:featuredmedia":[{"embeddable":true,"href":"https:\/\/infovera.com.ar\/web\/wp-json\/wp\/v2\/media\/43178"}],"wp:attachment":[{"href":"https:\/\/infovera.com.ar\/web\/wp-json\/wp\/v2\/media?parent=45645"}],"wp:term":[{"taxonomy":"category","embeddable":true,"href":"https:\/\/infovera.com.ar\/web\/wp-json\/wp\/v2\/categories?post=45645"},{"taxonomy":"post_tag","embeddable":true,"href":"https:\/\/infovera.com.ar\/web\/wp-json\/wp\/v2\/tags?post=45645"}],"curies":[{"name":"wp","href":"https:\/\/api.w.org\/{rel}","templated":true}]}}