{"id":45607,"date":"2023-07-24T10:05:27","date_gmt":"2023-07-24T13:05:27","guid":{"rendered":"https:\/\/infovera.com.ar\/web\/?p=45607"},"modified":"2023-07-25T09:38:12","modified_gmt":"2023-07-25T12:38:12","slug":"un-verense-por-las-nubes-joaquin-rotela-volo-sobre-los-alpes-franceses","status":"publish","type":"post","link":"https:\/\/infovera.com.ar\/web\/2023\/07\/24\/un-verense-por-las-nubes-joaquin-rotela-volo-sobre-los-alpes-franceses\/","title":{"rendered":"Un verense por las nubes: Joaqu\u00edn Rotela vol\u00f3 sobre los Alpes franceses"},"content":{"rendered":"<p>Hace un par de a\u00f1os se sum\u00f3 a la pasi\u00f3n de volar en parapente, en principio en la llanura de Vera, pero sus primeras experiencias en monta\u00f1as fueron en El Bols\u00f3n, donde tuvo la suerte de compartir con pilotos con hasta 20 a\u00f1os de experiencia y le hicieron conocer las t\u00e9cnicas y los secretos de volar sin motor en lo que considera que fue su escuela.<\/p>\n<p>\u201cEn el aire hay un mundo invisible que requiere entrenamiento pero te da una felicidad enorme\u201d, destac\u00f3 Joaqu\u00edn.<\/p>\n<p>El aprendizaje fue tan r\u00e1pido que pudo completar los requisitos para integrar un contingente de parapentistas argentinos que program\u00f3 una incursi\u00f3n por Europa.<br \/>\n\u201cHac\u00eda mucho tiempo que abrigaba el sue\u00f1o de conocer el viejo continente pero me lo posterg\u00f3 la pandemia, as\u00ed que aprovech\u00e9 la oportunidad de hacerlo realidad ahora y a trav\u00e9s de la pasi\u00f3n de volar\u201d, confes\u00f3.<\/p>\n<p>Los comienzos fueron algo complicados, por cuanto la llanura de nuestra zona nos obliga a buscar alternativas para despegar, como el ingenioso sistema de \u201cremolque con un veh\u00edculo que nos remonta como un barrilete a unos 300 metros del suelo, soltamos el cordel y all\u00ed empezamos a volar de manera independiente buscando las t\u00e9rmicas, como los caranchos, para tratar de mantenernos el mayor tiempo en el aire\u201d.<\/p>\n<p>\u201cSiempre est\u00e1s cayendo, pero son las t\u00e9rmicas de aire caliente las que te elevan y permiten prolongar el vuelo, en el aire hay un mundo invisible que requiere entrenamiento pero te da una felicidad enorme\u201d, destac\u00f3.<\/p>\n<p>Reconoci\u00f3 tambi\u00e9n el apoyo recibido en sus inicios por Ale Pachocki, vicepresidente de la \u201cFederaci\u00f3n Argentina de Vuelo Libre\u201d, entidad que tiene un registro de pilotos por categor\u00edas, dado que no todos tienen el mismo nivel; actualmente tambi\u00e9n es su gu\u00eda que le facilit\u00f3 las gestiones para ser parte del tour europeo.<\/p>\n<p>Con respecto a este tema, Joaqu\u00edn cuenta que fueron 15 d\u00edas intensos, contando con el asesoramiento de gu\u00edas locales que les permitieron disfrutar una experiencia inigualable porque \u201ces fant\u00e1stico sobrevolar los Pirineos en Espa\u00f1a, pero ver los Alpes franceses desde el cielo es como estar en un cuento\u201d.<\/p>\n<p>Le sorprendi\u00f3 la organizaci\u00f3n y la estructura que tienen montada, con pistas de despegue con c\u00e9sped sint\u00e9tico y un sistema de localizaci\u00f3n similar al GPS que les permite saber la ubicaci\u00f3n de cada piloto dado que, en condiciones favorables, se pueden cubrir m\u00e1s de 100 kil\u00f3metros.<\/p>\n<p>\u201cEs maravilloso ver el paisaje y los pueblos a 2000 metros de altura, pero sin descuidar la atenci\u00f3n sobre las paredes de las monta\u00f1as que estaban mucho m\u00e1s cerca, Francia es la meca del parapente y es impresionante ver centenares de velas en el cielo\u201d, agreg\u00f3.<br \/>\nA nivel local sus compa\u00f1eros, que fueron sus primeros instructores, Tomy Iglesias y Francisco Torterola, comparten la pasi\u00f3n y el futuro los espera en el cielo de Merlo (San Luis) el pr\u00f3ximo finde largo.<\/p>\n<p>Aclara que la actividad est\u00e1 regulada y controlada por la ANAC ya que cada piloto debe contar con su licencia, de acuerdo a su categor\u00eda, para poder volar y planear en medio del espacio infinito, con la sola compa\u00f1\u00eda inseparable del viento que lo sustenta.<\/p>\n<p>Letyana Press<\/p>\n","protected":false},"excerpt":{"rendered":"<p>Hace un par de a\u00f1os se sum\u00f3 a la pasi\u00f3n de volar en parapente, en principio en la llanura de Vera, pero sus primeras experiencias en monta\u00f1as fueron en El Bols\u00f3n, donde tuvo la suerte de compartir con pilotos con hasta 20 a\u00f1os de experiencia y le hicieron conocer las t\u00e9cnicas y los secretos de [&hellip;]<\/p>\n","protected":false},"author":3,"featured_media":45608,"comment_status":"closed","ping_status":"closed","sticky":false,"template":"","format":"standard","meta":{"_joinchat":[],"footnotes":""},"categories":[53],"tags":[],"class_list":{"0":"post-45607","1":"post","2":"type-post","3":"status-publish","4":"format-standard","5":"has-post-thumbnail","7":"category-vera"},"_links":{"self":[{"href":"https:\/\/infovera.com.ar\/web\/wp-json\/wp\/v2\/posts\/45607","targetHints":{"allow":["GET"]}}],"collection":[{"href":"https:\/\/infovera.com.ar\/web\/wp-json\/wp\/v2\/posts"}],"about":[{"href":"https:\/\/infovera.com.ar\/web\/wp-json\/wp\/v2\/types\/post"}],"author":[{"embeddable":true,"href":"https:\/\/infovera.com.ar\/web\/wp-json\/wp\/v2\/users\/3"}],"replies":[{"embeddable":true,"href":"https:\/\/infovera.com.ar\/web\/wp-json\/wp\/v2\/comments?post=45607"}],"version-history":[{"count":0,"href":"https:\/\/infovera.com.ar\/web\/wp-json\/wp\/v2\/posts\/45607\/revisions"}],"wp:featuredmedia":[{"embeddable":true,"href":"https:\/\/infovera.com.ar\/web\/wp-json\/wp\/v2\/media\/45608"}],"wp:attachment":[{"href":"https:\/\/infovera.com.ar\/web\/wp-json\/wp\/v2\/media?parent=45607"}],"wp:term":[{"taxonomy":"category","embeddable":true,"href":"https:\/\/infovera.com.ar\/web\/wp-json\/wp\/v2\/categories?post=45607"},{"taxonomy":"post_tag","embeddable":true,"href":"https:\/\/infovera.com.ar\/web\/wp-json\/wp\/v2\/tags?post=45607"}],"curies":[{"name":"wp","href":"https:\/\/api.w.org\/{rel}","templated":true}]}}