{"id":45532,"date":"2023-07-20T09:27:05","date_gmt":"2023-07-20T12:27:05","guid":{"rendered":"https:\/\/infovera.com.ar\/web\/?p=45532"},"modified":"2023-07-21T11:18:16","modified_gmt":"2023-07-21T14:18:16","slug":"fundapaz-cumplio-50-anos-trabajando-en-el-norte-argentino","status":"publish","type":"post","link":"https:\/\/infovera.com.ar\/web\/2023\/07\/20\/fundapaz-cumplio-50-anos-trabajando-en-el-norte-argentino\/","title":{"rendered":"Fundapaz cumpli\u00f3 50 a\u00f1os trabajando en el norte argentino"},"content":{"rendered":"<p style=\"font-weight: 400;\">La Fundaci\u00f3n para el Desarrollo en Justicia y Paz (FUNDAPAZ) cumpli\u00f3 medio siglo de trabajo en el norte del pa\u00eds acompa\u00f1ando a poblaciones campesinas e ind\u00edgenas, en la b\u00fasqueda de un desarrollo rural integral.<\/p>\n<p style=\"font-weight: 400;\">Naci\u00f3 un 14 de julio de 1973 en Vera, norte de Santa Fe, de la mano del obispo Juan Jos\u00e9 Uriarte y de la participaci\u00f3n activa de Silvia y Jorge Pereda, preocupados por el creciente nivel de pobreza que se presentaba en la zona al cerrar la empresa brit\u00e1nica La Forestal.<\/p>\n<p style=\"font-weight: 400;\">En un clima de \u00e9poca inspirado por el Concilio Vaticano II y propuestas populares de promoci\u00f3n humana, FUNDAPAZ dio sus primeros pasos vinculando directamente con las familias, mediante visitas de agr\u00f3nomos y promotores radicados en el territorio. Con el tiempo fue asesorando y acompa\u00f1ando a grupos de peque\u00f1os productores, mujeres, apicultores y artesanos; hasta llegar a trabajar de manera articulada, con m\u00e1s de 100 organizaciones reunidas en el Encuentro de Organizaciones Campesinas e Ind\u00edgenas del Norte Argentino (ENCONA).<\/p>\n<p style=\"font-weight: 400;\">FUNDAPAZ se fue adaptando a los cambios y a nuevos desaf\u00edos, afianzando su trabajo regional e internacional. Hoy, mediante el sostenimiento de equipos radicados en las diferentes zonas, desarrolla su labor enfocada en el fortalecimiento socio organizativo, el acceso a los bienes naturales y la promoci\u00f3n de producci\u00f3n sostenible; el empoderamiento de ind\u00edgenas, mujeres y juventudes; y la difusi\u00f3n de las voces de las poblaciones que acompa\u00f1a y de las actividades que realiza, por medio de la implementaci\u00f3n de estrategias de comunicaci\u00f3n.<\/p>\n<p style=\"font-weight: 400;\">Para celebrar este cincuentenario, la entidad program\u00f3 una jornada en Las Gamas el viernes 28, el s\u00e1bado 29 habr\u00e1 un homenaje al matrimonio Pereda en Esp\u00edn y luego se proceder\u00e1 a la inauguraci\u00f3n de las nuevas oficinas de calle Moreno al 1600, en la ciudad de Vera.<\/p>\n","protected":false},"excerpt":{"rendered":"<p>La Fundaci\u00f3n para el Desarrollo en Justicia y Paz (FUNDAPAZ) cumpli\u00f3 medio siglo de trabajo en el norte del pa\u00eds acompa\u00f1ando a poblaciones campesinas e ind\u00edgenas, en la b\u00fasqueda de un desarrollo rural integral. Naci\u00f3 un 14 de julio de 1973 en Vera, norte de Santa Fe, de la mano del obispo Juan Jos\u00e9 Uriarte [&hellip;]<\/p>\n","protected":false},"author":3,"featured_media":45533,"comment_status":"closed","ping_status":"closed","sticky":false,"template":"","format":"standard","meta":{"_joinchat":[],"footnotes":""},"categories":[53],"tags":[],"class_list":{"0":"post-45532","1":"post","2":"type-post","3":"status-publish","4":"format-standard","5":"has-post-thumbnail","7":"category-vera"},"_links":{"self":[{"href":"https:\/\/infovera.com.ar\/web\/wp-json\/wp\/v2\/posts\/45532","targetHints":{"allow":["GET"]}}],"collection":[{"href":"https:\/\/infovera.com.ar\/web\/wp-json\/wp\/v2\/posts"}],"about":[{"href":"https:\/\/infovera.com.ar\/web\/wp-json\/wp\/v2\/types\/post"}],"author":[{"embeddable":true,"href":"https:\/\/infovera.com.ar\/web\/wp-json\/wp\/v2\/users\/3"}],"replies":[{"embeddable":true,"href":"https:\/\/infovera.com.ar\/web\/wp-json\/wp\/v2\/comments?post=45532"}],"version-history":[{"count":0,"href":"https:\/\/infovera.com.ar\/web\/wp-json\/wp\/v2\/posts\/45532\/revisions"}],"wp:featuredmedia":[{"embeddable":true,"href":"https:\/\/infovera.com.ar\/web\/wp-json\/wp\/v2\/media\/45533"}],"wp:attachment":[{"href":"https:\/\/infovera.com.ar\/web\/wp-json\/wp\/v2\/media?parent=45532"}],"wp:term":[{"taxonomy":"category","embeddable":true,"href":"https:\/\/infovera.com.ar\/web\/wp-json\/wp\/v2\/categories?post=45532"},{"taxonomy":"post_tag","embeddable":true,"href":"https:\/\/infovera.com.ar\/web\/wp-json\/wp\/v2\/tags?post=45532"}],"curies":[{"name":"wp","href":"https:\/\/api.w.org\/{rel}","templated":true}]}}