{"id":45506,"date":"2023-07-18T21:12:47","date_gmt":"2023-07-19T00:12:47","guid":{"rendered":"https:\/\/infovera.com.ar\/web\/?p=45506"},"modified":"2023-07-19T12:11:57","modified_gmt":"2023-07-19T15:11:57","slug":"historica-asuncion-de-una-mujer-al-frente-del-destacamento-el-guanagan-de-los-pumas","status":"publish","type":"post","link":"https:\/\/infovera.com.ar\/web\/2023\/07\/18\/historica-asuncion-de-una-mujer-al-frente-del-destacamento-el-guanagan-de-los-pumas\/","title":{"rendered":"Hist\u00f3rica asunci\u00f3n de una mujer al frente del destacamento El Guanag\u00e1n de Los Pumas"},"content":{"rendered":"<p>Este martes en horas de la ma\u00f1ana se realiz\u00f3 un peque\u00f1o pero emotivo acto de Asunci\u00f3n de la nueva Jefa de la Secci\u00f3n N\u00b032 El Guanagan, perteneciente a la DGSR &#8220;Los Pumas; se trata de la Subinspector Sabina Lastra, oriunda de la ciudad de Calchaqui.<\/p>\n<p>La ceremonia fue presidida por el Senador por el Dpto. Vera, doctor Osvaldo Sosa, el Director General de Seguridad Rural &#8220;LP&#8221; Director de Polic\u00eda Adrian L. Roland y el Sub Director Zona Centro\/Norte, Comisario Supervisor Dario E. Bled, quien luego de la lectura de la Resoluci\u00f3n 082\/23, procedi\u00f3 a poner en funciones a la nueva c\u00fapula de la Secci\u00f3n.<\/p>\n<p>La Subinspector Sabina Lastra ha adquirido experiencia y conocimientos en sus pasos por las secciones de La Gallareta, Ceres, San Justo, La Cig\u00fce\u00f1a, Villa Minetti y este \u00faltimo tiempo como segunda Jefa en El Guanag\u00e1n.<\/p>\n<p>En medio de la nada misma, donde escasea el monte pero abunda el espartillo, una mujer lidera a un grupo de rurales velando por la seguridad de los productores agropecuarios.<\/p>\n<p>Sabina Lastra indic\u00f3 que como mujer, vive esta experiencia como un desaf\u00edo m\u00e1s en su carrera policial.<\/p>\n","protected":false},"excerpt":{"rendered":"<p>Este martes en horas de la ma\u00f1ana se realiz\u00f3 un peque\u00f1o pero emotivo acto de Asunci\u00f3n de la nueva Jefa de la Secci\u00f3n N\u00b032 El Guanagan, perteneciente a la DGSR &#8220;Los Pumas; se trata de la Subinspector Sabina Lastra, oriunda de la ciudad de Calchaqui. La ceremonia fue presidida por el Senador por el Dpto. [&hellip;]<\/p>\n","protected":false},"author":3,"featured_media":45507,"comment_status":"closed","ping_status":"closed","sticky":false,"template":"","format":"standard","meta":{"_joinchat":[],"footnotes":""},"categories":[51],"tags":[],"class_list":{"0":"post-45506","1":"post","2":"type-post","3":"status-publish","4":"format-standard","5":"has-post-thumbnail","7":"category-locales"},"_links":{"self":[{"href":"https:\/\/infovera.com.ar\/web\/wp-json\/wp\/v2\/posts\/45506","targetHints":{"allow":["GET"]}}],"collection":[{"href":"https:\/\/infovera.com.ar\/web\/wp-json\/wp\/v2\/posts"}],"about":[{"href":"https:\/\/infovera.com.ar\/web\/wp-json\/wp\/v2\/types\/post"}],"author":[{"embeddable":true,"href":"https:\/\/infovera.com.ar\/web\/wp-json\/wp\/v2\/users\/3"}],"replies":[{"embeddable":true,"href":"https:\/\/infovera.com.ar\/web\/wp-json\/wp\/v2\/comments?post=45506"}],"version-history":[{"count":0,"href":"https:\/\/infovera.com.ar\/web\/wp-json\/wp\/v2\/posts\/45506\/revisions"}],"wp:featuredmedia":[{"embeddable":true,"href":"https:\/\/infovera.com.ar\/web\/wp-json\/wp\/v2\/media\/45507"}],"wp:attachment":[{"href":"https:\/\/infovera.com.ar\/web\/wp-json\/wp\/v2\/media?parent=45506"}],"wp:term":[{"taxonomy":"category","embeddable":true,"href":"https:\/\/infovera.com.ar\/web\/wp-json\/wp\/v2\/categories?post=45506"},{"taxonomy":"post_tag","embeddable":true,"href":"https:\/\/infovera.com.ar\/web\/wp-json\/wp\/v2\/tags?post=45506"}],"curies":[{"name":"wp","href":"https:\/\/api.w.org\/{rel}","templated":true}]}}