{"id":45503,"date":"2023-07-18T09:58:00","date_gmt":"2023-07-18T12:58:00","guid":{"rendered":"https:\/\/infovera.com.ar\/web\/?p=45503"},"modified":"2023-07-18T09:58:00","modified_gmt":"2023-07-18T12:58:00","slug":"sosa-el-mas-votado-en-el-departamento-vera","status":"publish","type":"post","link":"https:\/\/infovera.com.ar\/web\/2023\/07\/18\/sosa-el-mas-votado-en-el-departamento-vera\/","title":{"rendered":"Sosa, el m\u00e1s votado en el Departamento Vera"},"content":{"rendered":"<p>El senador Osvaldo Sosa result\u00f3 el m\u00e1s votado en el departamento Vera.<br \/>\nNo solo gan\u00f3 c\u00f3modamente la interna con sus eventuales adversarios sino que, a\u00fan en forma individual, aventaj\u00f3 al referente del espacio opositor Reynaldo Fabbroni por una diferencia de 5623 votos, que a primera vista resultar\u00eda imposible revertir.<\/p>\n<p>Si se suman los sufragios de sus respectivos espacios el resultado achicar\u00eda la diferencia, pero no cambia el balance que sigue siendo muy favorable al actual senador.<\/p>\n<p>En n\u00fameros, Sosa obtuvo 11.293 votos contra 5.670 de Fabbroni; si se observan los espacios, Juntos Avancemos suma 13.646 y Unidos para cambiar Santa Fe llega a 10.402; se achica la diferencia pero no var\u00eda el resultado.<\/p>\n<p>Sin duda que este balance posiciona a Osvaldo Sosa como un dirigente de peso en el contexto pol\u00edtico interno, dado que es uno de los pocos que pudo terminar ganador al final del domingo, claro que para que el triunfo sea completo habr\u00e1 que mantener la voluntad el 10 de setiembre y esa es la tarea que queda para los pr\u00f3ximos 50 d\u00edas.<\/p>\n<p>Con los n\u00fameros puestos, el senador se mostr\u00f3 muy conforme con el resultado que, tal como hab\u00eda anticipado, era \u201cun examen a su gesti\u00f3n\u201d que, finalmente, aprob\u00f3 sin sobresaltos.<\/p>\n<p>Sosa agradeci\u00f3 el apoyo del electorado y convoc\u00f3 a una mayor participaci\u00f3n en las generales de setiembre por cuanto esa \u201ces la mejor v\u00eda para reafirmar un derecho que garantiza y fortalece a democracia\u201d.<\/p>\n","protected":false},"excerpt":{"rendered":"<p>El senador Osvaldo Sosa result\u00f3 el m\u00e1s votado en el departamento Vera. No solo gan\u00f3 c\u00f3modamente la interna con sus eventuales adversarios sino que, a\u00fan en forma individual, aventaj\u00f3 al referente del espacio opositor Reynaldo Fabbroni por una diferencia de 5623 votos, que a primera vista resultar\u00eda imposible revertir. Si se suman los sufragios de [&hellip;]<\/p>\n","protected":false},"author":3,"featured_media":45504,"comment_status":"closed","ping_status":"closed","sticky":false,"template":"","format":"standard","meta":{"_joinchat":[],"footnotes":""},"categories":[53],"tags":[],"class_list":{"0":"post-45503","1":"post","2":"type-post","3":"status-publish","4":"format-standard","5":"has-post-thumbnail","7":"category-vera"},"_links":{"self":[{"href":"https:\/\/infovera.com.ar\/web\/wp-json\/wp\/v2\/posts\/45503","targetHints":{"allow":["GET"]}}],"collection":[{"href":"https:\/\/infovera.com.ar\/web\/wp-json\/wp\/v2\/posts"}],"about":[{"href":"https:\/\/infovera.com.ar\/web\/wp-json\/wp\/v2\/types\/post"}],"author":[{"embeddable":true,"href":"https:\/\/infovera.com.ar\/web\/wp-json\/wp\/v2\/users\/3"}],"replies":[{"embeddable":true,"href":"https:\/\/infovera.com.ar\/web\/wp-json\/wp\/v2\/comments?post=45503"}],"version-history":[{"count":0,"href":"https:\/\/infovera.com.ar\/web\/wp-json\/wp\/v2\/posts\/45503\/revisions"}],"wp:featuredmedia":[{"embeddable":true,"href":"https:\/\/infovera.com.ar\/web\/wp-json\/wp\/v2\/media\/45504"}],"wp:attachment":[{"href":"https:\/\/infovera.com.ar\/web\/wp-json\/wp\/v2\/media?parent=45503"}],"wp:term":[{"taxonomy":"category","embeddable":true,"href":"https:\/\/infovera.com.ar\/web\/wp-json\/wp\/v2\/categories?post=45503"},{"taxonomy":"post_tag","embeddable":true,"href":"https:\/\/infovera.com.ar\/web\/wp-json\/wp\/v2\/tags?post=45503"}],"curies":[{"name":"wp","href":"https:\/\/api.w.org\/{rel}","templated":true}]}}