{"id":45500,"date":"2023-07-18T09:55:06","date_gmt":"2023-07-18T12:55:06","guid":{"rendered":"https:\/\/infovera.com.ar\/web\/?p=45500"},"modified":"2023-07-19T12:16:00","modified_gmt":"2023-07-19T15:16:00","slug":"amra-convoca-a-un-paro-de-actividades-para-este-jueves-20-de-julio","status":"publish","type":"post","link":"https:\/\/infovera.com.ar\/web\/2023\/07\/18\/amra-convoca-a-un-paro-de-actividades-para-este-jueves-20-de-julio\/","title":{"rendered":"AMRA convoca a un paro de actividades para este jueves 20 de julio"},"content":{"rendered":"<p>El Sindicato de M\u00e9dicos de la Rep\u00fablica Argentina AMRA Seccionales Norte, Centro y Sur de Santa Fe informa que a ra\u00edz de la falta de cumplimiento por parte del Poder Ejecutivo del pase a planta permanente de los compa\u00f1eros y compa\u00f1eras contratados y monotributistas, tanto en la negociaci\u00f3n paritaria rubricada en este 2023, como en a\u00f1os anteriores, nuestra entidad gremial resuelve:<\/p>\n<p>PARO DE ACTIVIDADES por 24 hs para el pr\u00f3ximo d\u00eda jueves 20 de julio de todos los profesionales de la salud que se desempe\u00f1an en los hospitales, Samcos y centros de salud dependientes de la \u00f3rbita provincial incluyendo al personal de IAPOS.<\/p>\n<p>La modalidad ser\u00e1 sin concurrencia a los lugares de trabajo y con atenci\u00f3n solo de guardias m\u00ednimas.<\/p>\n<p>&#8220;DONDE HAYA UN PROFESIONAL DE LA SALUD TRABAJANDO ESTAR\u00c1 EL SINDICATO&#8221;<\/p>\n","protected":false},"excerpt":{"rendered":"<p>El Sindicato de M\u00e9dicos de la Rep\u00fablica Argentina AMRA Seccionales Norte, Centro y Sur de Santa Fe informa que a ra\u00edz de la falta de cumplimiento por parte del Poder Ejecutivo del pase a planta permanente de los compa\u00f1eros y compa\u00f1eras contratados y monotributistas, tanto en la negociaci\u00f3n paritaria rubricada en este 2023, como en [&hellip;]<\/p>\n","protected":false},"author":3,"featured_media":45501,"comment_status":"closed","ping_status":"closed","sticky":false,"template":"","format":"standard","meta":{"_joinchat":[],"footnotes":""},"categories":[1],"tags":[],"class_list":{"0":"post-45500","1":"post","2":"type-post","3":"status-publish","4":"format-standard","5":"has-post-thumbnail","7":"category-sin-categoria"},"_links":{"self":[{"href":"https:\/\/infovera.com.ar\/web\/wp-json\/wp\/v2\/posts\/45500","targetHints":{"allow":["GET"]}}],"collection":[{"href":"https:\/\/infovera.com.ar\/web\/wp-json\/wp\/v2\/posts"}],"about":[{"href":"https:\/\/infovera.com.ar\/web\/wp-json\/wp\/v2\/types\/post"}],"author":[{"embeddable":true,"href":"https:\/\/infovera.com.ar\/web\/wp-json\/wp\/v2\/users\/3"}],"replies":[{"embeddable":true,"href":"https:\/\/infovera.com.ar\/web\/wp-json\/wp\/v2\/comments?post=45500"}],"version-history":[{"count":0,"href":"https:\/\/infovera.com.ar\/web\/wp-json\/wp\/v2\/posts\/45500\/revisions"}],"wp:featuredmedia":[{"embeddable":true,"href":"https:\/\/infovera.com.ar\/web\/wp-json\/wp\/v2\/media\/45501"}],"wp:attachment":[{"href":"https:\/\/infovera.com.ar\/web\/wp-json\/wp\/v2\/media?parent=45500"}],"wp:term":[{"taxonomy":"category","embeddable":true,"href":"https:\/\/infovera.com.ar\/web\/wp-json\/wp\/v2\/categories?post=45500"},{"taxonomy":"post_tag","embeddable":true,"href":"https:\/\/infovera.com.ar\/web\/wp-json\/wp\/v2\/tags?post=45500"}],"curies":[{"name":"wp","href":"https:\/\/api.w.org\/{rel}","templated":true}]}}