{"id":45491,"date":"2023-07-18T09:45:44","date_gmt":"2023-07-18T12:45:44","guid":{"rendered":"https:\/\/infovera.com.ar\/web\/?p=45491"},"modified":"2023-07-18T09:45:44","modified_gmt":"2023-07-18T12:45:44","slug":"presentaron-la-copa-santa-fe-en-vera","status":"publish","type":"post","link":"https:\/\/infovera.com.ar\/web\/2023\/07\/18\/presentaron-la-copa-santa-fe-en-vera\/","title":{"rendered":"Presentaron la Copa Santa Fe en Vera"},"content":{"rendered":"<p>El d\u00eda S\u00e1bado en la sede de Liga Verense se realiz\u00f3 el lanzamiento oficial de Copa Santa Fe (6ta Edici\u00f3n Masculina, 3ra Edici\u00f3n Femenina). Luego, en el club Hurac\u00e1n se realiz\u00f3 la conferencia de prensa, ya que el mismo ingresa en esta segunda fase a participar de la misma junto a Hurac\u00e1n de La Criolla, equipo clasificado de primer fase y ambos representando nuestra liga junto a Gimnasia.<\/p>\n<p>Cabe destacar que la Federaci\u00f3n Santafesina decidi\u00f3 que los torneos que vendr\u00e1n, Sub15 en Venado Tuerto en Julio, en Agosto Sub13 en Reconquista y Copa Santa Fe Femenina en Villa Ocampo, donde participar\u00e1n los seleccionados femeninos. Tambi\u00e9n se abordaron otros temas que hacen al funcionamiento con los presidentes de las ligas antes mencionadas.<\/p>\n<p>Estuvieron presentes Carlos Lanzaro (Presidente de la Federaci\u00f3n Santafesina de Futbol), Paula Mitre (Intendenta de la ciudad de Vera), Carlos Maglier (Representante del Nuevo Banco de Santa Fe), Fabi\u00e1n Zbrum ( Presidente Liga Rafaelina), Virgilio Palud ( Presidente Liga Reconquistense), Oscar Cereijo (Presidente Liga Ocampense), Norberto Savena (Presidente Liga Ceresina), Oscar Paz (Presidente Liga Galvense), Betina Guzman (Presidenta del club Estudiantes Unidos) y como anfitriones Angel Borrego (Presidente de Liga Verense) y Gabriela Zampar (Presidenta del club Hurac\u00e1n).<\/p>\n<p>.<\/p>\n","protected":false},"excerpt":{"rendered":"<p>El d\u00eda S\u00e1bado en la sede de Liga Verense se realiz\u00f3 el lanzamiento oficial de Copa Santa Fe (6ta Edici\u00f3n Masculina, 3ra Edici\u00f3n Femenina). Luego, en el club Hurac\u00e1n se realiz\u00f3 la conferencia de prensa, ya que el mismo ingresa en esta segunda fase a participar de la misma junto a Hurac\u00e1n de La Criolla, [&hellip;]<\/p>\n","protected":false},"author":3,"featured_media":45492,"comment_status":"closed","ping_status":"closed","sticky":false,"template":"","format":"standard","meta":{"_joinchat":[],"footnotes":""},"categories":[31,53],"tags":[],"class_list":{"0":"post-45491","1":"post","2":"type-post","3":"status-publish","4":"format-standard","5":"has-post-thumbnail","7":"category-deportes","8":"category-vera"},"_links":{"self":[{"href":"https:\/\/infovera.com.ar\/web\/wp-json\/wp\/v2\/posts\/45491","targetHints":{"allow":["GET"]}}],"collection":[{"href":"https:\/\/infovera.com.ar\/web\/wp-json\/wp\/v2\/posts"}],"about":[{"href":"https:\/\/infovera.com.ar\/web\/wp-json\/wp\/v2\/types\/post"}],"author":[{"embeddable":true,"href":"https:\/\/infovera.com.ar\/web\/wp-json\/wp\/v2\/users\/3"}],"replies":[{"embeddable":true,"href":"https:\/\/infovera.com.ar\/web\/wp-json\/wp\/v2\/comments?post=45491"}],"version-history":[{"count":0,"href":"https:\/\/infovera.com.ar\/web\/wp-json\/wp\/v2\/posts\/45491\/revisions"}],"wp:featuredmedia":[{"embeddable":true,"href":"https:\/\/infovera.com.ar\/web\/wp-json\/wp\/v2\/media\/45492"}],"wp:attachment":[{"href":"https:\/\/infovera.com.ar\/web\/wp-json\/wp\/v2\/media?parent=45491"}],"wp:term":[{"taxonomy":"category","embeddable":true,"href":"https:\/\/infovera.com.ar\/web\/wp-json\/wp\/v2\/categories?post=45491"},{"taxonomy":"post_tag","embeddable":true,"href":"https:\/\/infovera.com.ar\/web\/wp-json\/wp\/v2\/tags?post=45491"}],"curies":[{"name":"wp","href":"https:\/\/api.w.org\/{rel}","templated":true}]}}