{"id":45487,"date":"2023-07-17T12:06:56","date_gmt":"2023-07-17T15:06:56","guid":{"rendered":"https:\/\/infovera.com.ar\/web\/?p=45487"},"modified":"2023-07-17T12:06:56","modified_gmt":"2023-07-17T15:06:56","slug":"dos-adolescentes-verenses-representaron-la-ciudad-en-cordoba","status":"publish","type":"post","link":"https:\/\/infovera.com.ar\/web\/2023\/07\/17\/dos-adolescentes-verenses-representaron-la-ciudad-en-cordoba\/","title":{"rendered":"Dos adolescentes verenses representaron la ciudad en C\u00f3rdoba"},"content":{"rendered":"<p>El 15 de julio se llev\u00f3 a cabo el Torneo Invierno 2023 en C\u00f3rdoba Capital en el Polo Deportivo Kempes, en el natatorio semiol\u00edmpico d\u00f3nde estuvieron presentes nuestros nadadores Juan Ignacio Fankhauser 13 a\u00f1os y Renata Castellanos 12 a\u00f1os quienes mejoraron sus registros en las 3 pruebas disputadas.<\/p>\n<p><em>Los resultados:<\/em><\/p>\n<p>Juan Ignacio Fankhauser nado en la clasificaci\u00f3n de Natacion Adaptada Intelectual junto a nadadores de diferentes edades de categor\u00edas clasifican todos juntos<\/p>\n<p>*Puesto 4to 25 metros pecho<\/p>\n<p>*Puesto 4to 25 metros espalda<\/p>\n<p>*Puesto 11vo 50 metros crol<\/p>\n<p>Renata Castellanos nado en Nivel 1 de Escuela en su categor\u00eda<\/p>\n<p>* Puesto 1ra 100 combinado<\/p>\n<p>*Puesto 2da 25 crol<\/p>\n<p>*Puesto 3ra 25 metros mariposa<\/p>\n<p>A seguir adelante, m\u00e1s convencidos que nunca.<\/p>\n<p>Felicitaciones a los representantes de la region!!!! Gracias a su esfuerzo y dedicaci\u00f3n lograron participar siempre con la mejor actitud a la hora de competir, grandes compa\u00f1eros, apoy\u00e1ndose y alentandose todo el tiempo. Un duo con muy buenos valores.<\/p>\n","protected":false},"excerpt":{"rendered":"<p>El 15 de julio se llev\u00f3 a cabo el Torneo Invierno 2023 en C\u00f3rdoba Capital en el Polo Deportivo Kempes, en el natatorio semiol\u00edmpico d\u00f3nde estuvieron presentes nuestros nadadores Juan Ignacio Fankhauser 13 a\u00f1os y Renata Castellanos 12 a\u00f1os quienes mejoraron sus registros en las 3 pruebas disputadas. Los resultados: Juan Ignacio Fankhauser nado en [&hellip;]<\/p>\n","protected":false},"author":3,"featured_media":45489,"comment_status":"closed","ping_status":"closed","sticky":false,"template":"","format":"standard","meta":{"_joinchat":[],"footnotes":""},"categories":[31,53],"tags":[],"class_list":{"0":"post-45487","1":"post","2":"type-post","3":"status-publish","4":"format-standard","5":"has-post-thumbnail","7":"category-deportes","8":"category-vera"},"_links":{"self":[{"href":"https:\/\/infovera.com.ar\/web\/wp-json\/wp\/v2\/posts\/45487","targetHints":{"allow":["GET"]}}],"collection":[{"href":"https:\/\/infovera.com.ar\/web\/wp-json\/wp\/v2\/posts"}],"about":[{"href":"https:\/\/infovera.com.ar\/web\/wp-json\/wp\/v2\/types\/post"}],"author":[{"embeddable":true,"href":"https:\/\/infovera.com.ar\/web\/wp-json\/wp\/v2\/users\/3"}],"replies":[{"embeddable":true,"href":"https:\/\/infovera.com.ar\/web\/wp-json\/wp\/v2\/comments?post=45487"}],"version-history":[{"count":0,"href":"https:\/\/infovera.com.ar\/web\/wp-json\/wp\/v2\/posts\/45487\/revisions"}],"wp:featuredmedia":[{"embeddable":true,"href":"https:\/\/infovera.com.ar\/web\/wp-json\/wp\/v2\/media\/45489"}],"wp:attachment":[{"href":"https:\/\/infovera.com.ar\/web\/wp-json\/wp\/v2\/media?parent=45487"}],"wp:term":[{"taxonomy":"category","embeddable":true,"href":"https:\/\/infovera.com.ar\/web\/wp-json\/wp\/v2\/categories?post=45487"},{"taxonomy":"post_tag","embeddable":true,"href":"https:\/\/infovera.com.ar\/web\/wp-json\/wp\/v2\/tags?post=45487"}],"curies":[{"name":"wp","href":"https:\/\/api.w.org\/{rel}","templated":true}]}}