{"id":45418,"date":"2023-07-16T12:47:02","date_gmt":"2023-07-16T15:47:02","guid":{"rendered":"https:\/\/infovera.com.ar\/web\/?p=45418"},"modified":"2023-07-16T14:13:24","modified_gmt":"2023-07-16T17:13:24","slug":"javier-barbona-voto-y-agradecio-a-los-voluntarios-que-se-ofrecieron-para-ser-fiscales","status":"publish","type":"post","link":"https:\/\/infovera.com.ar\/web\/2023\/07\/16\/javier-barbona-voto-y-agradecio-a-los-voluntarios-que-se-ofrecieron-para-ser-fiscales\/","title":{"rendered":"Javier Barbona vot\u00f3 y agradeci\u00f3 a los voluntarios que se ofrecieron para ser fiscales"},"content":{"rendered":"<p>&#8220;La jornada hasta el mediod\u00eda se est\u00e1 desarrollando con absoluta normalidad. Es un buen porcentaje de votantes. La verdad que nosotros hemos completado todas las mesas con nuestros fiscales y de manera voluntaria. Eso realmente es para agradecer, para destacar, porque la gente se ha movilizado, nos ha acompa\u00f1ado&#8221;, expres\u00f3 el precandidato intendente Javier Barbona.<\/p>\n<p>El aspirante a la intendencia por la lista Sumemos por Vera indic\u00f3 que &#8220;la verdad que estamos muy contentos de poder votar en principio, de poder elegir, de poder hacerlo a los 40 a\u00f1os de la democracia, y la mejor manera de celebrarlo y de cumplir con este sistema es votando, yendo a votar libremente, por eso nuestro mensaje es, junto con Eliana Tedini, para los ciudadanos de Vera, que vayan a votar,\u00a0 que acompa\u00f1en a sus hijos a votar, que les digan de la importancia que es elegir y poder ser elegido en este sistema democr\u00e1tico&#8221;.<\/p>\n<p>En cuanto a la expectativa por lo resultados, dijo que &#8220;estamos esperando tranquilos las 6 de la tarde y bueno, ah\u00ed se va a saber lo que los verenses en primera instancia est\u00e1n queriendo para su ciudad. As\u00ed que muchas gracias a todos, pero fundamentalmente e independientemente a qui\u00e9n vaya a votar, que los ciudadanos concurran a las urnas y que hagan valer su derecho&#8221;.<\/p>\n","protected":false},"excerpt":{"rendered":"<p>&#8220;La jornada hasta el mediod\u00eda se est\u00e1 desarrollando con absoluta normalidad. Es un buen porcentaje de votantes. La verdad que nosotros hemos completado todas las mesas con nuestros fiscales y de manera voluntaria. Eso realmente es para agradecer, para destacar, porque la gente se ha movilizado, nos ha acompa\u00f1ado&#8221;, expres\u00f3 el precandidato intendente Javier Barbona. [&hellip;]<\/p>\n","protected":false},"author":3,"featured_media":45419,"comment_status":"closed","ping_status":"closed","sticky":false,"template":"","format":"standard","meta":{"_joinchat":[],"footnotes":""},"categories":[53],"tags":[],"class_list":{"0":"post-45418","1":"post","2":"type-post","3":"status-publish","4":"format-standard","5":"has-post-thumbnail","7":"category-vera"},"_links":{"self":[{"href":"https:\/\/infovera.com.ar\/web\/wp-json\/wp\/v2\/posts\/45418","targetHints":{"allow":["GET"]}}],"collection":[{"href":"https:\/\/infovera.com.ar\/web\/wp-json\/wp\/v2\/posts"}],"about":[{"href":"https:\/\/infovera.com.ar\/web\/wp-json\/wp\/v2\/types\/post"}],"author":[{"embeddable":true,"href":"https:\/\/infovera.com.ar\/web\/wp-json\/wp\/v2\/users\/3"}],"replies":[{"embeddable":true,"href":"https:\/\/infovera.com.ar\/web\/wp-json\/wp\/v2\/comments?post=45418"}],"version-history":[{"count":0,"href":"https:\/\/infovera.com.ar\/web\/wp-json\/wp\/v2\/posts\/45418\/revisions"}],"wp:featuredmedia":[{"embeddable":true,"href":"https:\/\/infovera.com.ar\/web\/wp-json\/wp\/v2\/media\/45419"}],"wp:attachment":[{"href":"https:\/\/infovera.com.ar\/web\/wp-json\/wp\/v2\/media?parent=45418"}],"wp:term":[{"taxonomy":"category","embeddable":true,"href":"https:\/\/infovera.com.ar\/web\/wp-json\/wp\/v2\/categories?post=45418"},{"taxonomy":"post_tag","embeddable":true,"href":"https:\/\/infovera.com.ar\/web\/wp-json\/wp\/v2\/tags?post=45418"}],"curies":[{"name":"wp","href":"https:\/\/api.w.org\/{rel}","templated":true}]}}