{"id":45350,"date":"2023-07-14T10:56:34","date_gmt":"2023-07-14T13:56:34","guid":{"rendered":"https:\/\/infovera.com.ar\/web\/?p=45350"},"modified":"2023-07-20T17:54:34","modified_gmt":"2023-07-20T20:54:34","slug":"vera-en-pleno-centro-se-desprendio-un-gran-acoplado-y-choco-un-auto-en-el-que-llevaban-un-menor-de-3-anos","status":"publish","type":"post","link":"https:\/\/infovera.com.ar\/web\/2023\/07\/14\/vera-en-pleno-centro-se-desprendio-un-gran-acoplado-y-choco-un-auto-en-el-que-llevaban-un-menor-de-3-anos\/","title":{"rendered":"Vera: en pleno centro se desprendi\u00f3 un gran acoplado y choc\u00f3 un auto en el que llevaban un menor de 3 a\u00f1os"},"content":{"rendered":"<p>Siendo las 19:20 horas, se toma conocimiento de un accidente de tr\u00e1nsito ocurrido en calle Rivadavia entre Lisandro de la Torre y Corrientes, d\u00f3nde un cami\u00f3n marca Volkswagen, modelo 17220, tipo Chasis con cabina, con acoplado marca Montebras, modelo A.P.3, TIPO acoplado Playo, conducido por un hombre de 36 a\u00f1os domiciliado en VERA circulaba de Norte a Sur por dicha arteria y por causas que se tratan de establecer se desprende la lanza del enganche que une el cami\u00f3n con el acoplado, el cual termina impactando con un autom\u00f3vil marca Ford, modelo Falc\u00f3n versi\u00f3n standard, tipo sed\u00e1n 4 puertas, de color rojo, cual circulaba sobre la misma arteria vehicular de Sur a Norte, siendo conducido por un masculino de 34 a\u00f1os de edad, de este medio, quien iba acompa\u00f1ado de su hijo menor de edad de 3 a\u00f1os.<\/p>\n<p>Se hace presente la ambulancia empresa particular quien procede el traslado del menor junto al padre al hospital regional Vera para su atenci\u00f3n.<\/p>\n<p>A posterior personal actuante toma conocimiento que ambas partes resultaron ilesas, solo sufrieron da\u00f1os materiales los veh\u00edculos.<\/p>\n<p>Foto: Gentileza Jorge del Barco<\/p>\n","protected":false},"excerpt":{"rendered":"<p>Siendo las 19:20 horas, se toma conocimiento de un accidente de tr\u00e1nsito ocurrido en calle Rivadavia entre Lisandro de la Torre y Corrientes, d\u00f3nde un cami\u00f3n marca Volkswagen, modelo 17220, tipo Chasis con cabina, con acoplado marca Montebras, modelo A.P.3, TIPO acoplado Playo, conducido por un hombre de 36 a\u00f1os domiciliado en VERA circulaba de [&hellip;]<\/p>\n","protected":false},"author":3,"featured_media":45351,"comment_status":"closed","ping_status":"closed","sticky":false,"template":"","format":"standard","meta":{"_joinchat":[],"footnotes":""},"categories":[53],"tags":[],"class_list":{"0":"post-45350","1":"post","2":"type-post","3":"status-publish","4":"format-standard","5":"has-post-thumbnail","7":"category-vera"},"_links":{"self":[{"href":"https:\/\/infovera.com.ar\/web\/wp-json\/wp\/v2\/posts\/45350","targetHints":{"allow":["GET"]}}],"collection":[{"href":"https:\/\/infovera.com.ar\/web\/wp-json\/wp\/v2\/posts"}],"about":[{"href":"https:\/\/infovera.com.ar\/web\/wp-json\/wp\/v2\/types\/post"}],"author":[{"embeddable":true,"href":"https:\/\/infovera.com.ar\/web\/wp-json\/wp\/v2\/users\/3"}],"replies":[{"embeddable":true,"href":"https:\/\/infovera.com.ar\/web\/wp-json\/wp\/v2\/comments?post=45350"}],"version-history":[{"count":0,"href":"https:\/\/infovera.com.ar\/web\/wp-json\/wp\/v2\/posts\/45350\/revisions"}],"wp:featuredmedia":[{"embeddable":true,"href":"https:\/\/infovera.com.ar\/web\/wp-json\/wp\/v2\/media\/45351"}],"wp:attachment":[{"href":"https:\/\/infovera.com.ar\/web\/wp-json\/wp\/v2\/media?parent=45350"}],"wp:term":[{"taxonomy":"category","embeddable":true,"href":"https:\/\/infovera.com.ar\/web\/wp-json\/wp\/v2\/categories?post=45350"},{"taxonomy":"post_tag","embeddable":true,"href":"https:\/\/infovera.com.ar\/web\/wp-json\/wp\/v2\/tags?post=45350"}],"curies":[{"name":"wp","href":"https:\/\/api.w.org\/{rel}","templated":true}]}}