{"id":45329,"date":"2023-07-13T18:57:02","date_gmt":"2023-07-13T21:57:02","guid":{"rendered":"https:\/\/infovera.com.ar\/web\/?p=45329"},"modified":"2023-07-13T18:57:02","modified_gmt":"2023-07-13T21:57:02","slug":"pullaro-santa-fe-sera-la-protagonista-del-cambio-en-la-argentina","status":"publish","type":"post","link":"https:\/\/infovera.com.ar\/web\/2023\/07\/13\/pullaro-santa-fe-sera-la-protagonista-del-cambio-en-la-argentina\/","title":{"rendered":"Pullaro: &#8220;Santa Fe ser\u00e1 la protagonista del cambio en la Argentina&#8221;"},"content":{"rendered":"<p><strong>Con un mensaje al campo el precandidato a gobernador de Juntos por el Cambio cerr\u00f3 la campa\u00f1a a trav\u00e9s de un streaming desde Armstrong. Producci\u00f3n, Seguridad, Salud, Educaci\u00f3n y eficiencia en el Estado sus ejes durante todo el recorrido electoral.<\/strong><\/p>\n<p>Este jueves por la tarde, Pullaro cerr\u00f3 su campa\u00f1a de la misma manera que la inici\u00f3. Con un vivo desde sus redes. En aquella oportunidad fue desde Esperanza, en esta ocasi\u00f3n, la realiz\u00f3 desde un campo en Armstrong en un evento que denomin\u00f3 compromiso con el Campo y la Producci\u00f3n.<\/p>\n<p>Esperanza fue la primer colonia agr\u00edcola del pa\u00eds, Armstrong es una ciudad emblem\u00e1tica, una referencia nacional de la agroindustria. Con esta simbolog\u00eda dej\u00f3 marcado lo que ser\u00e1 su gesti\u00f3n si llega a la casa gris el 10 de diciembre.<\/p>\n<p>\u201cAc\u00e1 est\u00e1 la innovaci\u00f3n, decenas de empresas que producen cosechadoras, sembradoras, desmalezadoras, tolvas, carros, etc. Empresas que comenzaron siendo talleres o peque\u00f1os emprendimientos familiares, hoy exportan al mundo con la mejor tecnolog\u00eda. Conozco a muchos de sus due\u00f1os, muchos de ellos siguen viviendo en la ciudades que los vio nacer, porque son de ac\u00e1, invierten ac\u00e1, generan empleo, y quieren estar cerca de su empresa.<br \/>\nEn Argentina, el sector de maquinaria agr\u00edcola se encuentra compuesto por m\u00e1s de 1100 empresas\u201d, expres\u00f3.<\/p>\n<p>Santa Fe concentra el 44 % de las f\u00e1bricas de maquinaria agr\u00edcola del pa\u00eds y lidera el crecimiento en este sector. En 2021, el rubro logr\u00f3 un crecimiento del 25 % y alcanz\u00f3 la mayor producci\u00f3n de los \u00faltimos 25 a\u00f1os.<\/p>\n<p>De los 19 departamentos de la provincia de Santa Fe, 17 cuentan con producci\u00f3n de maquinaria agr\u00edcola, aunque la mayor parte se concentra en el sur santafesino. Las ciudades de Armstrong, Las Parejas y Las Rosas, Casilda, Montes de Oca, ubicadas en el departamento Belgrano, lideran el ranking de localidades con mayor n\u00famero de empresas del sector en la provincia.<\/p>\n<p>Este importante complejo productivo de nuestra provincia resulta relevante en la conformaci\u00f3n de la matriz productiva y en su contribuci\u00f3n a la producci\u00f3n provincial\u201d, detall\u00f3.<\/p>\n<p>\u201cHoy nos interpela respecto de la importancia de sostener altos grados de excelencia y performance en los productos y en las empresas a fin de no perder la posici\u00f3n lograda y mantenerse competitivos en el mercado local e impulsar una estrategia inteligente de inserci\u00f3n en los mercados internacionales.<\/p>\n<p>Conscientes de la rapidez de los cambios y disrupci\u00f3n constante de tecnolog\u00edas exige a las empresas adaptarse e innovar para no quedarse atr\u00e1s, desde el gobierno provincial apuntalaremos con programas y creativas pol\u00edticas p\u00fablicas al sector para abordar de manera integral los desaf\u00edos de la Industria 4.0 y el desarrollo exportador\u201d, continu\u00f3.<\/p>\n<p>\u201cHablar de la Infraestructura para la producci\u00f3n, Formaci\u00f3n para el trabajo con \u00e9nfasis en las tecnolog\u00edas emergentes, Fortalecimiento de los conglomerados productivos, Impulso a la internacionalizaci\u00f3n de empresas con mayor valor alegrado, Innovaci\u00f3n financiera, Fomento de la Inversi\u00f3n y Desarrollo sostenible ser\u00e1n los ejes transversales de nuestra pol\u00edtica de desarrollo productivo.<\/p>\n<p>Hablar lo que produce Santa Fe en materia de cereales, leche, carne, biodiesel. La importancia de los puertos\u201d, enfatiz\u00f3.<\/p>\n<p>\u201cEstar rodeado de campo y de industrias, de paneles solares, en el \u00faltimo d\u00eda de campa\u00f1a, firmando el compromiso con el campo, la producci\u00f3n, es un mensaje de esperanza, porque tenemos una provincia extraordinaria, con gente trabajadora, que construye desde el esfuerzo y no desde la d\u00e1diva. Los santafesinos queremos que nos dejen producir, los santafesinos no quieren planes, queremos trabajar de lo que sabemos hacer. Y yo voy a defender a Santa Fe y vamos a ser una provincia l\u00edder a nivel nacional. En Cambio que se viene en el pa\u00eds, que va a terminar con el populismo va a tener a Santa Fe como protagonista. Vamos a tener a una Santa Fe con poder. No tengan dudas que Santa Fe Puede\u201d, finaliz\u00f3.<\/p>\n<p>Junto a \u00e9l estuvieron su vice en la f\u00f3rmula Gisela Scaglia, integrante del PRO y persona de confianza de Horacio Rodriguez Larreta, Esteban Motta representando a los equipos t\u00e9cnicos de Pullaro y el intendente de Armstrong y actual precandidato a senador por el Departamento Belgrano Pablo Verdecchia, como anfitri\u00f3n.<\/p>\n","protected":false},"excerpt":{"rendered":"<p>Con un mensaje al campo el precandidato a gobernador de Juntos por el Cambio cerr\u00f3 la campa\u00f1a a trav\u00e9s de un streaming desde Armstrong. Producci\u00f3n, Seguridad, Salud, Educaci\u00f3n y eficiencia en el Estado sus ejes durante todo el recorrido electoral. Este jueves por la tarde, Pullaro cerr\u00f3 su campa\u00f1a de la misma manera que la [&hellip;]<\/p>\n","protected":false},"author":3,"featured_media":45330,"comment_status":"closed","ping_status":"closed","sticky":false,"template":"","format":"standard","meta":{"_joinchat":[],"footnotes":""},"categories":[60],"tags":[],"class_list":{"0":"post-45329","1":"post","2":"type-post","3":"status-publish","4":"format-standard","5":"has-post-thumbnail","7":"category-provinciales"},"_links":{"self":[{"href":"https:\/\/infovera.com.ar\/web\/wp-json\/wp\/v2\/posts\/45329","targetHints":{"allow":["GET"]}}],"collection":[{"href":"https:\/\/infovera.com.ar\/web\/wp-json\/wp\/v2\/posts"}],"about":[{"href":"https:\/\/infovera.com.ar\/web\/wp-json\/wp\/v2\/types\/post"}],"author":[{"embeddable":true,"href":"https:\/\/infovera.com.ar\/web\/wp-json\/wp\/v2\/users\/3"}],"replies":[{"embeddable":true,"href":"https:\/\/infovera.com.ar\/web\/wp-json\/wp\/v2\/comments?post=45329"}],"version-history":[{"count":0,"href":"https:\/\/infovera.com.ar\/web\/wp-json\/wp\/v2\/posts\/45329\/revisions"}],"wp:featuredmedia":[{"embeddable":true,"href":"https:\/\/infovera.com.ar\/web\/wp-json\/wp\/v2\/media\/45330"}],"wp:attachment":[{"href":"https:\/\/infovera.com.ar\/web\/wp-json\/wp\/v2\/media?parent=45329"}],"wp:term":[{"taxonomy":"category","embeddable":true,"href":"https:\/\/infovera.com.ar\/web\/wp-json\/wp\/v2\/categories?post=45329"},{"taxonomy":"post_tag","embeddable":true,"href":"https:\/\/infovera.com.ar\/web\/wp-json\/wp\/v2\/tags?post=45329"}],"curies":[{"name":"wp","href":"https:\/\/api.w.org\/{rel}","templated":true}]}}