{"id":45263,"date":"2023-07-11T17:29:01","date_gmt":"2023-07-11T20:29:01","guid":{"rendered":"https:\/\/infovera.com.ar\/web\/?p=45263"},"modified":"2023-07-12T16:25:37","modified_gmt":"2023-07-12T19:25:37","slug":"la-provincia-intensifica-el-operativo-de-seguridad-para-las-elecciones-del-proximo-domingo","status":"publish","type":"post","link":"https:\/\/infovera.com.ar\/web\/2023\/07\/11\/la-provincia-intensifica-el-operativo-de-seguridad-para-las-elecciones-del-proximo-domingo\/","title":{"rendered":"La provincia intensifica el operativo de seguridad para las elecciones del pr\u00f3ximo domingo"},"content":{"rendered":"<p><strong>El despliegue comenzar\u00e1 el d\u00eda s\u00e1bado. En total, se movilizar\u00e1n 5.880 agentes de polic\u00eda en territorio santafesino.<\/strong><\/p>\n<p>El gobierno de la provincia, a trav\u00e9s del Ministerio de Seguridad, brind\u00f3 detalles del operativo especial a ra\u00edz del acto eleccionario que se llevar\u00e1 a cabo el pr\u00f3ximo domingo 16 de julio. Al respecto, el titular de la cartera, Claudio Brilloni, adelant\u00f3 que \u201cya se trabaja a pleno\u201d en el despliegue de fuerzas.<\/p>\n<p>\u201cEn este momento -detall\u00f3 el funcionario- se est\u00e1 llevando adelante el operativo traslado de urnas hacia las escuelas, acompa\u00f1ado siempre por efectivos policiales, desde la central de concentraci\u00f3n hacia las 1.452 escuelas y lugares de votaci\u00f3n afectados en toda la provincia\u201d.<\/p>\n<p>En esa l\u00ednea, confirm\u00f3 que \u201ccada uno de esos lugares va a contar el d\u00eda s\u00e1bado con un agente policial y el d\u00eda domingo se van a agregar dos agentes m\u00e1s de la polic\u00eda de Santa Fe, haciendo un total de 3.456 polic\u00edas\u201d.<\/p>\n<p>\u201cA ese n\u00famero tenemos que agregar personal policial en los centros de carga de Rosario y Santa Fe, grupos de reserva y personal de patrullaje en las adyacencias y circundante a algunos establecimientos escolares en particular, con patrullajes flexibles y din\u00e1micos, lo que nos da un total de 5.808 agentes de polic\u00eda afectados al operativo electoral\u201d, asegur\u00f3 Brilloni.<\/p>\n<p>Finalmente, el ministro de Seguridad subray\u00f3 que \u201cteniendo en cuenta el \u00faltimo reporte, vamos a contar con 220 patrulleros, que estar\u00e1n afectados a tareas de prevenci\u00f3n, espec\u00edficamente en la ciudad de Rosario\u201d.<\/p>\n","protected":false},"excerpt":{"rendered":"<p>El despliegue comenzar\u00e1 el d\u00eda s\u00e1bado. En total, se movilizar\u00e1n 5.880 agentes de polic\u00eda en territorio santafesino. El gobierno de la provincia, a trav\u00e9s del Ministerio de Seguridad, brind\u00f3 detalles del operativo especial a ra\u00edz del acto eleccionario que se llevar\u00e1 a cabo el pr\u00f3ximo domingo 16 de julio. Al respecto, el titular de la [&hellip;]<\/p>\n","protected":false},"author":3,"featured_media":29558,"comment_status":"closed","ping_status":"closed","sticky":false,"template":"","format":"standard","meta":{"_joinchat":[],"footnotes":""},"categories":[60],"tags":[],"class_list":{"0":"post-45263","1":"post","2":"type-post","3":"status-publish","4":"format-standard","5":"has-post-thumbnail","7":"category-provinciales"},"_links":{"self":[{"href":"https:\/\/infovera.com.ar\/web\/wp-json\/wp\/v2\/posts\/45263","targetHints":{"allow":["GET"]}}],"collection":[{"href":"https:\/\/infovera.com.ar\/web\/wp-json\/wp\/v2\/posts"}],"about":[{"href":"https:\/\/infovera.com.ar\/web\/wp-json\/wp\/v2\/types\/post"}],"author":[{"embeddable":true,"href":"https:\/\/infovera.com.ar\/web\/wp-json\/wp\/v2\/users\/3"}],"replies":[{"embeddable":true,"href":"https:\/\/infovera.com.ar\/web\/wp-json\/wp\/v2\/comments?post=45263"}],"version-history":[{"count":0,"href":"https:\/\/infovera.com.ar\/web\/wp-json\/wp\/v2\/posts\/45263\/revisions"}],"wp:featuredmedia":[{"embeddable":true,"href":"https:\/\/infovera.com.ar\/web\/wp-json\/wp\/v2\/media\/29558"}],"wp:attachment":[{"href":"https:\/\/infovera.com.ar\/web\/wp-json\/wp\/v2\/media?parent=45263"}],"wp:term":[{"taxonomy":"category","embeddable":true,"href":"https:\/\/infovera.com.ar\/web\/wp-json\/wp\/v2\/categories?post=45263"},{"taxonomy":"post_tag","embeddable":true,"href":"https:\/\/infovera.com.ar\/web\/wp-json\/wp\/v2\/tags?post=45263"}],"curies":[{"name":"wp","href":"https:\/\/api.w.org\/{rel}","templated":true}]}}