{"id":45260,"date":"2023-07-11T12:05:56","date_gmt":"2023-07-11T15:05:56","guid":{"rendered":"https:\/\/infovera.com.ar\/web\/?p=45260"},"modified":"2023-07-11T12:05:56","modified_gmt":"2023-07-11T15:05:56","slug":"aprobaron-la-construccion-de-5-cuadras-de-ripio-y-cordon-cuneta-para-la-gallareta","status":"publish","type":"post","link":"https:\/\/infovera.com.ar\/web\/2023\/07\/11\/aprobaron-la-construccion-de-5-cuadras-de-ripio-y-cordon-cuneta-para-la-gallareta\/","title":{"rendered":"Aprobaron la construcci\u00f3n de 5 cuadras de ripio y cord\u00f3n cuneta para La Gallareta"},"content":{"rendered":"<p><strong>En el d\u00eda de la fecha &#8220;se aprob\u00f3 una obra muy importante para nuestro pueblo. Despu\u00e9s de varios meses de gesti\u00f3n ante el Programa Nacional<\/strong>\u00a0se aprob\u00f3 la realizaci\u00f3n de 5 cuadras de ripio y cord\u00f3n cuneta en el barrio Itat\u00ed&#8221;, celebr\u00f3 el presidente comunal Fernando Nicola.<\/p>\n<p>El titular de la comuna dijo que &#8220;es una noticia muy buena para nuestra localidad, sin\u00f3nimo de progreso.\u00a0Estoy orgulloso de que juntos logremos m\u00e1s obras para nuestro pueblo. Siempre mirando hacia adelante a pasos firmes seguimos obteniendo logros, esto es resultado de no bajar nunca los brazos y golpear todas las puertas para lograr el objetivo que es dejar a La Gallareta en la posici\u00f3n m\u00e1s alta.<\/p>\n","protected":false},"excerpt":{"rendered":"<p>En el d\u00eda de la fecha &#8220;se aprob\u00f3 una obra muy importante para nuestro pueblo. Despu\u00e9s de varios meses de gesti\u00f3n ante el Programa Nacional\u00a0se aprob\u00f3 la realizaci\u00f3n de 5 cuadras de ripio y cord\u00f3n cuneta en el barrio Itat\u00ed&#8221;, celebr\u00f3 el presidente comunal Fernando Nicola. El titular de la comuna dijo que &#8220;es una [&hellip;]<\/p>\n","protected":false},"author":3,"featured_media":45261,"comment_status":"closed","ping_status":"closed","sticky":false,"template":"","format":"standard","meta":{"_joinchat":[],"footnotes":""},"categories":[51],"tags":[],"class_list":{"0":"post-45260","1":"post","2":"type-post","3":"status-publish","4":"format-standard","5":"has-post-thumbnail","7":"category-locales"},"_links":{"self":[{"href":"https:\/\/infovera.com.ar\/web\/wp-json\/wp\/v2\/posts\/45260","targetHints":{"allow":["GET"]}}],"collection":[{"href":"https:\/\/infovera.com.ar\/web\/wp-json\/wp\/v2\/posts"}],"about":[{"href":"https:\/\/infovera.com.ar\/web\/wp-json\/wp\/v2\/types\/post"}],"author":[{"embeddable":true,"href":"https:\/\/infovera.com.ar\/web\/wp-json\/wp\/v2\/users\/3"}],"replies":[{"embeddable":true,"href":"https:\/\/infovera.com.ar\/web\/wp-json\/wp\/v2\/comments?post=45260"}],"version-history":[{"count":0,"href":"https:\/\/infovera.com.ar\/web\/wp-json\/wp\/v2\/posts\/45260\/revisions"}],"wp:featuredmedia":[{"embeddable":true,"href":"https:\/\/infovera.com.ar\/web\/wp-json\/wp\/v2\/media\/45261"}],"wp:attachment":[{"href":"https:\/\/infovera.com.ar\/web\/wp-json\/wp\/v2\/media?parent=45260"}],"wp:term":[{"taxonomy":"category","embeddable":true,"href":"https:\/\/infovera.com.ar\/web\/wp-json\/wp\/v2\/categories?post=45260"},{"taxonomy":"post_tag","embeddable":true,"href":"https:\/\/infovera.com.ar\/web\/wp-json\/wp\/v2\/tags?post=45260"}],"curies":[{"name":"wp","href":"https:\/\/api.w.org\/{rel}","templated":true}]}}