{"id":45232,"date":"2023-07-10T12:09:25","date_gmt":"2023-07-10T15:09:25","guid":{"rendered":"https:\/\/infovera.com.ar\/web\/?p=45232"},"modified":"2023-07-10T12:09:25","modified_gmt":"2023-07-10T15:09:25","slug":"fabbroni-participo-junto-a-pullaro-del-encuentro-por-la-educacion","status":"publish","type":"post","link":"https:\/\/infovera.com.ar\/web\/2023\/07\/10\/fabbroni-participo-junto-a-pullaro-del-encuentro-por-la-educacion\/","title":{"rendered":"Fabbroni particip\u00f3 junto a Pullaro del Encuentro por la Educaci\u00f3n"},"content":{"rendered":"<p><strong>En Reconquista.<\/strong><\/p>\n<p>El precandidato a senador Reynaldo Fabbroni estuvo presente en el Encuentro por la Educaci\u00f3n que encabez\u00f3 el aspirante a la gobernaci\u00f3n Maximiliano Pullaro en Reconquista.<\/p>\n<p>&#8220;Tuve el honor de participar junto a docentes y profesores de este gran debate sobre la Educaci\u00f3n que se viene. @maxipullaro quiere escuchar de primera mano la opini\u00f3n y vivencias de los educadores, y se viene trabajando en conjunto con los equipos t\u00e9cnicos, como en cada \u00e1rea de los ejes centrales de nuestro proyecto de provincia&#8221;, manifest\u00f3 Fabbroni.<\/p>\n<p>&#8220;Queremos una educaci\u00f3n de calidad, para esto es necesario terminar con la no repitencia, garantizar 180 d\u00edas de clases, salario docente digno y volver a la cl\u00e1usula gatillo. M\u00e1s infraestructura adecuada de los edificios escolares. Santa Fe tiene que recuperar su calidad educativa, y tenemos un plan para lograrlo&#8221;, asegur\u00f3.<\/p>\n<p><a href=\"https:\/\/infovera.com.ar\/web\/wp-content\/uploads\/2023\/07\/encuentro.jpg\"><img loading=\"lazy\" decoding=\"async\" class=\"alignleft size-full wp-image-45234\" src=\"https:\/\/infovera.com.ar\/web\/wp-content\/uploads\/2023\/07\/encuentro.jpg\" alt=\"\" width=\"933\" height=\"682\" srcset=\"https:\/\/infovera.com.ar\/web\/wp-content\/uploads\/2023\/07\/encuentro.jpg 933w, https:\/\/infovera.com.ar\/web\/wp-content\/uploads\/2023\/07\/encuentro-696x509.jpg 696w, https:\/\/infovera.com.ar\/web\/wp-content\/uploads\/2023\/07\/encuentro-575x420.jpg 575w\" sizes=\"auto, (max-width: 933px) 100vw, 933px\" \/><\/a><\/p>\n","protected":false},"excerpt":{"rendered":"<p>En Reconquista. El precandidato a senador Reynaldo Fabbroni estuvo presente en el Encuentro por la Educaci\u00f3n que encabez\u00f3 el aspirante a la gobernaci\u00f3n Maximiliano Pullaro en Reconquista. &#8220;Tuve el honor de participar junto a docentes y profesores de este gran debate sobre la Educaci\u00f3n que se viene. @maxipullaro quiere escuchar de primera mano la opini\u00f3n [&hellip;]<\/p>\n","protected":false},"author":3,"featured_media":45233,"comment_status":"closed","ping_status":"closed","sticky":false,"template":"","format":"standard","meta":{"_joinchat":[],"footnotes":""},"categories":[51],"tags":[],"class_list":{"0":"post-45232","1":"post","2":"type-post","3":"status-publish","4":"format-standard","5":"has-post-thumbnail","7":"category-locales"},"_links":{"self":[{"href":"https:\/\/infovera.com.ar\/web\/wp-json\/wp\/v2\/posts\/45232","targetHints":{"allow":["GET"]}}],"collection":[{"href":"https:\/\/infovera.com.ar\/web\/wp-json\/wp\/v2\/posts"}],"about":[{"href":"https:\/\/infovera.com.ar\/web\/wp-json\/wp\/v2\/types\/post"}],"author":[{"embeddable":true,"href":"https:\/\/infovera.com.ar\/web\/wp-json\/wp\/v2\/users\/3"}],"replies":[{"embeddable":true,"href":"https:\/\/infovera.com.ar\/web\/wp-json\/wp\/v2\/comments?post=45232"}],"version-history":[{"count":0,"href":"https:\/\/infovera.com.ar\/web\/wp-json\/wp\/v2\/posts\/45232\/revisions"}],"wp:featuredmedia":[{"embeddable":true,"href":"https:\/\/infovera.com.ar\/web\/wp-json\/wp\/v2\/media\/45233"}],"wp:attachment":[{"href":"https:\/\/infovera.com.ar\/web\/wp-json\/wp\/v2\/media?parent=45232"}],"wp:term":[{"taxonomy":"category","embeddable":true,"href":"https:\/\/infovera.com.ar\/web\/wp-json\/wp\/v2\/categories?post=45232"},{"taxonomy":"post_tag","embeddable":true,"href":"https:\/\/infovera.com.ar\/web\/wp-json\/wp\/v2\/tags?post=45232"}],"curies":[{"name":"wp","href":"https:\/\/api.w.org\/{rel}","templated":true}]}}