{"id":45229,"date":"2023-07-10T11:03:57","date_gmt":"2023-07-10T14:03:57","guid":{"rendered":"https:\/\/infovera.com.ar\/web\/?p=45229"},"modified":"2023-07-10T11:03:57","modified_gmt":"2023-07-10T14:03:57","slug":"comenzaron-a-colocar-las-vigas-del-nuevo-puente-sobre-el-parana-mini-en-villa-ocampo","status":"publish","type":"post","link":"https:\/\/infovera.com.ar\/web\/2023\/07\/10\/comenzaron-a-colocar-las-vigas-del-nuevo-puente-sobre-el-parana-mini-en-villa-ocampo\/","title":{"rendered":"Comenzaron a colocar las vigas del nuevo puente sobre el Paran\u00e1 Min\u00ed en Villa Ocampo"},"content":{"rendered":"<p>El gobierno de Omar Perotti, a trav\u00e9s de Vialidad Provincial comenz\u00f3 esta semana a montar las vigas longitudinales que se ubicar\u00e1n sobre las pilas base. Las obras se encuentran al 55% de ejecuci\u00f3n y cuentan con un presupuesto de $2.762 millones.<\/p>\n<p>El gobierno de la provincia, a trav\u00e9s del Ministerio de Infraestructura, Servicios P\u00fablicos y H\u00e1bitat, avanza con la construcci\u00f3n del nuevo puente sobre el Arroyo Paran\u00e1 Min\u00ed, en jurisdicci\u00f3n de la localidad de Villa Ocampo, departamento General Obligado.<\/p>\n<p>Al respecto, la ministra Silvina Frana, expres\u00f3 que &#8220;que hoy veamos el avance de estas obras a uno le da cierta satisfacci\u00f3n, porque se cumple la palabra empe\u00f1ada, y porque no solamente es un proyecto con un dise\u00f1o m\u00e1s \u00f3ptimo, con doble mano vehicular; sino tambi\u00e9n se logra esa conexi\u00f3n con el humedal Jaaukanig\u00e1s que genera un paisaje diferente en un lugar con una fuerte impronta tur\u00edstica y de conservaci\u00f3n del ambiente&#8221;.<\/p>\n<p>Y prosigui\u00f3, \u201cesto no es algo aislado, forma parte de una gran inversi\u00f3n y de un plan vial que permite no solamente unir localidades sino tambi\u00e9n v\u00edas productivas y tur\u00edsticas, acompa\u00f1ando al que trabaja y produce en el d\u00eda a d\u00eda, al que pone todo su esfuerzo en crecer. Y con un Estado que acompa\u00f1e estos esfuerzos, con acciones concretas que mejoren la realidad de nuestra gente. Vamos a dejar un legado para que quien venga no detenga las obras en marcha, porque no es lo mismo anunciar que hacer, y desde el ministerio nuestro paso es haciendo obras&#8221;, concluy\u00f3 Frana.<\/p>\n<p>&nbsp;<\/p>\n<p>Un nuevo puente de m\u00e1s de 300 metros<\/p>\n<p>Durante las \u00faltimas semanas, a trav\u00e9s de operativos coordinados con la Agencia Provincial de Seguridad Vial comenzaron a llegar a la zona las nuevas vigas longitudinales, compuestas de hormig\u00f3n pretensado y cuentan con una longitud de 30,86 metros de largo. Las mismas, fueron fabricadas en la ciudad de Campana (provincia de Buenos Aires) y dada la longitud, se trasladan de a dos unidades, acompa\u00f1adas por m\u00f3viles de las empresas contratistas que anuncian el recorrido a los usuarios.<\/p>\n<p>El nuevo puente, tendr\u00e1 una extensi\u00f3n de 308 metros y estar\u00e1 conformado por 10 tramos pretensados que conformar\u00e1n una calzada de 8,30 metros de ancho y 1,55 de veredas por lado. Cabe destacar, que se colocar\u00e1n 40 vigas sobre las 9 pilas (que cuentan con tres pilotes-columna y un cabezal superior cada una). Una vez desarrolladas esas tareas, se conformar\u00e1n los terraplenes de acceso al puente, la protecci\u00f3n contra erosi\u00f3n de los estribos con manta geotextil y hormig\u00f3n con geoceldas que eviten socavones.<\/p>\n<p>Con un presupuesto actualizado de $2.762.180.186,24 los trabajos se encuentran en el orden del 55% de ejecuci\u00f3n y est\u00e1n a cargo de la U.T. conformada por las empresas Rinaudo C\u00eda. Constructora S.R.L., Del Sol Constructora S.A. y Werk Constructora S.R.L.<\/p>\n","protected":false},"excerpt":{"rendered":"<p>El gobierno de Omar Perotti, a trav\u00e9s de Vialidad Provincial comenz\u00f3 esta semana a montar las vigas longitudinales que se ubicar\u00e1n sobre las pilas base. Las obras se encuentran al 55% de ejecuci\u00f3n y cuentan con un presupuesto de $2.762 millones. El gobierno de la provincia, a trav\u00e9s del Ministerio de Infraestructura, Servicios P\u00fablicos y [&hellip;]<\/p>\n","protected":false},"author":3,"featured_media":45230,"comment_status":"closed","ping_status":"closed","sticky":false,"template":"","format":"standard","meta":{"_joinchat":[],"footnotes":""},"categories":[60],"tags":[],"class_list":{"0":"post-45229","1":"post","2":"type-post","3":"status-publish","4":"format-standard","5":"has-post-thumbnail","7":"category-provinciales"},"_links":{"self":[{"href":"https:\/\/infovera.com.ar\/web\/wp-json\/wp\/v2\/posts\/45229","targetHints":{"allow":["GET"]}}],"collection":[{"href":"https:\/\/infovera.com.ar\/web\/wp-json\/wp\/v2\/posts"}],"about":[{"href":"https:\/\/infovera.com.ar\/web\/wp-json\/wp\/v2\/types\/post"}],"author":[{"embeddable":true,"href":"https:\/\/infovera.com.ar\/web\/wp-json\/wp\/v2\/users\/3"}],"replies":[{"embeddable":true,"href":"https:\/\/infovera.com.ar\/web\/wp-json\/wp\/v2\/comments?post=45229"}],"version-history":[{"count":0,"href":"https:\/\/infovera.com.ar\/web\/wp-json\/wp\/v2\/posts\/45229\/revisions"}],"wp:featuredmedia":[{"embeddable":true,"href":"https:\/\/infovera.com.ar\/web\/wp-json\/wp\/v2\/media\/45230"}],"wp:attachment":[{"href":"https:\/\/infovera.com.ar\/web\/wp-json\/wp\/v2\/media?parent=45229"}],"wp:term":[{"taxonomy":"category","embeddable":true,"href":"https:\/\/infovera.com.ar\/web\/wp-json\/wp\/v2\/categories?post=45229"},{"taxonomy":"post_tag","embeddable":true,"href":"https:\/\/infovera.com.ar\/web\/wp-json\/wp\/v2\/tags?post=45229"}],"curies":[{"name":"wp","href":"https:\/\/api.w.org\/{rel}","templated":true}]}}