{"id":45140,"date":"2023-07-05T19:52:03","date_gmt":"2023-07-05T22:52:03","guid":{"rendered":"https:\/\/infovera.com.ar\/web\/?p=45140"},"modified":"2023-07-05T19:52:03","modified_gmt":"2023-07-05T22:52:03","slug":"el-senador-osvaldo-sosa-y-el-director-de-la-epe-mauricio-caussi-recorrieron-la-estacion-transformadora-de-vera","status":"publish","type":"post","link":"https:\/\/infovera.com.ar\/web\/2023\/07\/05\/el-senador-osvaldo-sosa-y-el-director-de-la-epe-mauricio-caussi-recorrieron-la-estacion-transformadora-de-vera\/","title":{"rendered":"El Senador Osvaldo Sosa y el Director de la EPE Mauricio Caussi recorrieron la Estaci\u00f3n Transformadora de Vera"},"content":{"rendered":"<p>La visita del director de la EPE se enmarca en un plan de recorrida por los lugares donde la empresa realiza obras y esta, sin dudas, es la m\u00e1s importante del norte porque va a beneficiar a varias localidades.<\/p>\n<p>As\u00ed lo destac\u00f3 el senador Sosa aunque \u201cno es la \u00fanica obra que el gobierno provincial est\u00e1 ejecutando en el departamento, pero esta es estrat\u00e9gica porque forma parte de un proyecto integrador que, no solo va a potenciar la energ\u00eda para un mayor desarrollo sino que tambi\u00e9n tendr\u00e1 un efecto multiplicador para fomentar el arraigo de nuestros j\u00f3venes\u201d.<\/p>\n<p>Caussi se mostr\u00f3 muy conforme con el ritmo de trabajo que ya lleg\u00f3 al 25% de la obra, agradeciendo a las empresas Bauz\u00e1 Ingenier\u00eda y Proyecci\u00f3n Electroluz \u201ccon quienes trabajamos desde el inicio del proyecto y hoy nos est\u00e1n garantizando su continuidad en un escenario econ\u00f3mico muy complejo, dado que partimos de un presupuesto inicial de 1.100 millones de pesos y hoy estamos en el rec\u00e1lculo de 2.000 millones de pesos, dado que hay rubros que est\u00e1n dolarizados\u201d.<\/p>\n<p>\u201cOtro aspecto a tener en cuenta es que tambi\u00e9n es una fuente de trabajo porque se ha priorizado la mano de obra local, lo que significa un ingreso importante para la econom\u00eda de la ciudad\u201d, agreg\u00f3.<\/p>\n<p>Adem\u00e1s, Caussi tuvo palabras de reconocimiento para la ministra de Infrestructura y H\u00e1bitat Silvina Frana, quien tuvo un protagonismo decisivo en la planificaci\u00f3n y elaboraci\u00f3n del proyecto como brazo ejecutor de un gobierno que a pesar de las distintas realidades existentes en la provincia siempre tuvo una mirada especial hacia el norte.<\/p>\n","protected":false},"excerpt":{"rendered":"<p>La visita del director de la EPE se enmarca en un plan de recorrida por los lugares donde la empresa realiza obras y esta, sin dudas, es la m\u00e1s importante del norte porque va a beneficiar a varias localidades. As\u00ed lo destac\u00f3 el senador Sosa aunque \u201cno es la \u00fanica obra que el gobierno provincial [&hellip;]<\/p>\n","protected":false},"author":3,"featured_media":45141,"comment_status":"closed","ping_status":"closed","sticky":false,"template":"","format":"standard","meta":{"_joinchat":[],"footnotes":""},"categories":[53],"tags":[],"class_list":{"0":"post-45140","1":"post","2":"type-post","3":"status-publish","4":"format-standard","5":"has-post-thumbnail","7":"category-vera"},"_links":{"self":[{"href":"https:\/\/infovera.com.ar\/web\/wp-json\/wp\/v2\/posts\/45140","targetHints":{"allow":["GET"]}}],"collection":[{"href":"https:\/\/infovera.com.ar\/web\/wp-json\/wp\/v2\/posts"}],"about":[{"href":"https:\/\/infovera.com.ar\/web\/wp-json\/wp\/v2\/types\/post"}],"author":[{"embeddable":true,"href":"https:\/\/infovera.com.ar\/web\/wp-json\/wp\/v2\/users\/3"}],"replies":[{"embeddable":true,"href":"https:\/\/infovera.com.ar\/web\/wp-json\/wp\/v2\/comments?post=45140"}],"version-history":[{"count":0,"href":"https:\/\/infovera.com.ar\/web\/wp-json\/wp\/v2\/posts\/45140\/revisions"}],"wp:featuredmedia":[{"embeddable":true,"href":"https:\/\/infovera.com.ar\/web\/wp-json\/wp\/v2\/media\/45141"}],"wp:attachment":[{"href":"https:\/\/infovera.com.ar\/web\/wp-json\/wp\/v2\/media?parent=45140"}],"wp:term":[{"taxonomy":"category","embeddable":true,"href":"https:\/\/infovera.com.ar\/web\/wp-json\/wp\/v2\/categories?post=45140"},{"taxonomy":"post_tag","embeddable":true,"href":"https:\/\/infovera.com.ar\/web\/wp-json\/wp\/v2\/tags?post=45140"}],"curies":[{"name":"wp","href":"https:\/\/api.w.org\/{rel}","templated":true}]}}