{"id":45086,"date":"2023-07-04T09:38:48","date_gmt":"2023-07-04T12:38:48","guid":{"rendered":"https:\/\/infovera.com.ar\/web\/?p=45086"},"modified":"2023-07-04T09:38:48","modified_gmt":"2023-07-04T12:38:48","slug":"fabbroni-lanzo-su-candidatura-a-senador","status":"publish","type":"post","link":"https:\/\/infovera.com.ar\/web\/2023\/07\/04\/fabbroni-lanzo-su-candidatura-a-senador\/","title":{"rendered":"Fabbroni lanz\u00f3 su candidatura a senador"},"content":{"rendered":"<p><strong>El sal\u00f3n del Comit\u00e9 de la UCR de calle Moreno se vio colmado por los seguidores de Reynaldo Fabbroni que asisitieron a la presentaci\u00f3n de la lista \u201cSanta Fe puede,\u201d que a nivel provincial encabeza Maximiliano Pullaro como precandidato a gobernador.<\/strong><\/p>\n<p>Fabbroni se presenta como uno de los aspirantes a ocupar la banca de senador provincial y es el referente indiscutido del sector a nivel local.<\/p>\n<p>En di\u00e1logo con los medios dijo que \u201cquer\u00edamos hacer esta presentaci\u00f3n para compartir con los compa\u00f1eros, cargar las pilas y dar un impulso a la campa\u00f1a en esta recta final\u201d.<br \/>\nSe manifest\u00f3 \u201ccon muchas fuerzas, con muchas ganas porque hemos conformado una lista muy importante y competitiva\u201d.<\/p>\n<p>\u201cEs una noche especial en la que vamos a tratar de contagiar nuestro entusiasmo a los que siguen confiando en nosotros, recorriendo el territorio enarbolando los valores de siempre\u201d, agreg\u00f3.<\/p>\n<p>Por su parte, el precandidato a intendente Facundo Ferraris se mostr\u00f3 muy tranquilo y con mucha fe porque \u201cnos respalda el trabajo que hiciemos en este tiempo y que hoy nos coloca como una alternativa potable y real para conducir los destinos de esta ciudad\u201d.<\/p>\n<p>\u201cM\u00e1s que prometer cosas es mostrar lo que hicimos durante estos tres a\u00f1os y creo que eso est\u00e1 a punto de dar sus frutos\u201d, concluy\u00f3.<br \/>\nSergio Abate encabeza la lista de concejales y est\u00e1 decidido a \u201crecuperar todo lo que ten\u00edamos y hemos perdido, por eso desde el CM vamos a seguir el trabajo iniciado por Reno y continuado por Facundo\u201d.<\/p>\n<p>Tambi\u00e9n se mostr\u00f3 coprometido porque \u201cas\u00ed como apoyamos a los gobiernos que han estado, si nos toca a nosotros vamos a tratar de superarnos porque nosotros S\u00cd queremos que la ciudad salga adelantey recuperar lo que se ha dejado atr\u00e1s\u201d.<\/p>\n<p>Letyana Press<\/p>\n","protected":false},"excerpt":{"rendered":"<p>El sal\u00f3n del Comit\u00e9 de la UCR de calle Moreno se vio colmado por los seguidores de Reynaldo Fabbroni que asisitieron a la presentaci\u00f3n de la lista \u201cSanta Fe puede,\u201d que a nivel provincial encabeza Maximiliano Pullaro como precandidato a gobernador. Fabbroni se presenta como uno de los aspirantes a ocupar la banca de senador [&hellip;]<\/p>\n","protected":false},"author":3,"featured_media":45087,"comment_status":"closed","ping_status":"closed","sticky":false,"template":"","format":"standard","meta":{"_joinchat":[],"footnotes":""},"categories":[53],"tags":[],"class_list":{"0":"post-45086","1":"post","2":"type-post","3":"status-publish","4":"format-standard","5":"has-post-thumbnail","7":"category-vera"},"_links":{"self":[{"href":"https:\/\/infovera.com.ar\/web\/wp-json\/wp\/v2\/posts\/45086","targetHints":{"allow":["GET"]}}],"collection":[{"href":"https:\/\/infovera.com.ar\/web\/wp-json\/wp\/v2\/posts"}],"about":[{"href":"https:\/\/infovera.com.ar\/web\/wp-json\/wp\/v2\/types\/post"}],"author":[{"embeddable":true,"href":"https:\/\/infovera.com.ar\/web\/wp-json\/wp\/v2\/users\/3"}],"replies":[{"embeddable":true,"href":"https:\/\/infovera.com.ar\/web\/wp-json\/wp\/v2\/comments?post=45086"}],"version-history":[{"count":0,"href":"https:\/\/infovera.com.ar\/web\/wp-json\/wp\/v2\/posts\/45086\/revisions"}],"wp:featuredmedia":[{"embeddable":true,"href":"https:\/\/infovera.com.ar\/web\/wp-json\/wp\/v2\/media\/45087"}],"wp:attachment":[{"href":"https:\/\/infovera.com.ar\/web\/wp-json\/wp\/v2\/media?parent=45086"}],"wp:term":[{"taxonomy":"category","embeddable":true,"href":"https:\/\/infovera.com.ar\/web\/wp-json\/wp\/v2\/categories?post=45086"},{"taxonomy":"post_tag","embeddable":true,"href":"https:\/\/infovera.com.ar\/web\/wp-json\/wp\/v2\/tags?post=45086"}],"curies":[{"name":"wp","href":"https:\/\/api.w.org\/{rel}","templated":true}]}}