{"id":45046,"date":"2023-07-03T09:53:43","date_gmt":"2023-07-03T12:53:43","guid":{"rendered":"https:\/\/infovera.com.ar\/web\/?p=45046"},"modified":"2023-07-03T10:31:08","modified_gmt":"2023-07-03T13:31:08","slug":"dos-robos-aclarados-en-calchaqui","status":"publish","type":"post","link":"https:\/\/infovera.com.ar\/web\/2023\/07\/03\/dos-robos-aclarados-en-calchaqui\/","title":{"rendered":"Dos robos aclarados en Calchaqu\u00ed"},"content":{"rendered":"<p><strong>A ra\u00edz de la denuncia radicada por un hombre de 35 a\u00f1os, quien diera cuenta que personas ignoradas le sustrajeron desde su camioneta Fiat Fiorino<\/strong> un est\u00e9reo Smart negro, efectivos de la Comisar\u00eda Segunda establecieron que no ser\u00eda ajeno al il\u00edcito un joven de 21 a\u00f1os, con domicilio en la ciudad y que fue aprehendido.<\/p>\n<p>Se procedi\u00f3 al secuestro preventivo de los elementos.<\/p>\n<p>En tanto, el domingo y a ra\u00edz de la denuncia formulada por un vecino, quien diera cuenta que autor\/es ignorados en un local bailable le sustrajeron su celular Samsung t\u00e1ctil conteniendo en su su interior dinero en efectivo, la polic\u00eda logr\u00f3 dilucidar que no ser\u00eda ajeno al presente hecho un sujeto a quien se le hall\u00f3 el m\u00f3vil robado.<\/p>\n<p>Fue aprehendido.<\/p>\n","protected":false},"excerpt":{"rendered":"<p>A ra\u00edz de la denuncia radicada por un hombre de 35 a\u00f1os, quien diera cuenta que personas ignoradas le sustrajeron desde su camioneta Fiat Fiorino un est\u00e9reo Smart negro, efectivos de la Comisar\u00eda Segunda establecieron que no ser\u00eda ajeno al il\u00edcito un joven de 21 a\u00f1os, con domicilio en la ciudad y que fue aprehendido. [&hellip;]<\/p>\n","protected":false},"author":3,"featured_media":45047,"comment_status":"closed","ping_status":"closed","sticky":false,"template":"","format":"standard","meta":{"_joinchat":[],"footnotes":""},"categories":[52,30],"tags":[],"class_list":{"0":"post-45046","1":"post","2":"type-post","3":"status-publish","4":"format-standard","5":"has-post-thumbnail","7":"category-calchaqui","8":"category-policiales"},"_links":{"self":[{"href":"https:\/\/infovera.com.ar\/web\/wp-json\/wp\/v2\/posts\/45046","targetHints":{"allow":["GET"]}}],"collection":[{"href":"https:\/\/infovera.com.ar\/web\/wp-json\/wp\/v2\/posts"}],"about":[{"href":"https:\/\/infovera.com.ar\/web\/wp-json\/wp\/v2\/types\/post"}],"author":[{"embeddable":true,"href":"https:\/\/infovera.com.ar\/web\/wp-json\/wp\/v2\/users\/3"}],"replies":[{"embeddable":true,"href":"https:\/\/infovera.com.ar\/web\/wp-json\/wp\/v2\/comments?post=45046"}],"version-history":[{"count":0,"href":"https:\/\/infovera.com.ar\/web\/wp-json\/wp\/v2\/posts\/45046\/revisions"}],"wp:featuredmedia":[{"embeddable":true,"href":"https:\/\/infovera.com.ar\/web\/wp-json\/wp\/v2\/media\/45047"}],"wp:attachment":[{"href":"https:\/\/infovera.com.ar\/web\/wp-json\/wp\/v2\/media?parent=45046"}],"wp:term":[{"taxonomy":"category","embeddable":true,"href":"https:\/\/infovera.com.ar\/web\/wp-json\/wp\/v2\/categories?post=45046"},{"taxonomy":"post_tag","embeddable":true,"href":"https:\/\/infovera.com.ar\/web\/wp-json\/wp\/v2\/tags?post=45046"}],"curies":[{"name":"wp","href":"https:\/\/api.w.org\/{rel}","templated":true}]}}