{"id":45042,"date":"2023-07-03T09:33:12","date_gmt":"2023-07-03T12:33:12","guid":{"rendered":"https:\/\/infovera.com.ar\/web\/?p=45042"},"modified":"2023-07-03T09:33:12","modified_gmt":"2023-07-03T12:33:12","slug":"teresa-teca-correa-cuando-la-inspiracion-no-tiene-limites","status":"publish","type":"post","link":"https:\/\/infovera.com.ar\/web\/2023\/07\/03\/teresa-teca-correa-cuando-la-inspiracion-no-tiene-limites\/","title":{"rendered":"Teresa &#8220;Teca&#8221; Correa: &#8220;Cuando la inspiraci\u00f3n no tiene l\u00edmites&#8221;"},"content":{"rendered":"<p>Nacida en Ca\u00f1ada Omb\u00fa, en el norte del departamento Vera, la inquietud literaria surgida en su infancia le abri\u00f3 camino acompa\u00f1\u00e1ndola por donde quiera que vaya, conociendo lugares nuevos y a mucha gente que enriqueci\u00f3 su saber.<\/p>\n<p>Primero en Arroyito (C\u00f3rdoba) donde se incorpor\u00f3 a Los \u00c1lamos, una asociaci\u00f3n de ambiente bohemio conformada por m\u00fasicos y escritores.<\/p>\n<p>Despu\u00e9s se radic\u00f3 una d\u00e9cada en Puerto Gral. San Mart\u00edn, all\u00ed se sum\u00f3 a ERSA, una entidad que contiene a los Escritores Regionales Santafesinos del cord\u00f3n industrial con sede en San Lorenzo y en cuya feria sigue participando.<\/p>\n<p>De regreso en Vera, se uni\u00f3 a AVE, la Asociaci\u00f3n de Escritores Verenses, con una participaci\u00f3n m\u00e1s activa.<\/p>\n<p>Sus cuentos y poes\u00edas juegan entre la realidad y la ficci\u00f3n con una inspiraci\u00f3n espont\u00e1nea como cuando la enfermedad de su hija la oblig\u00f3 a convivir entre m\u00e9dicos y enfermeras, una fuente inagotable que la impuls\u00f3 a escribir su \u201cHistorias de hospitales\u201d; contando tambi\u00e9n en su haber con otras publicaciones como \u201cEl despertar de una conciencia\u201d, \u201cCuentos espinosos\u201d y su \u00faltimo libro de poes\u00edas \u201cAlquimista\u201d que present\u00f3 en la Feria organizada en el marco del 131 aniversario de la ciudad de Vera.<\/p>\n<p>Sus trabajos no conocen fronteras por cuanto durante la pandemia, que nos mantuvo encerrados, la oblig\u00f3 a manejarse con nuevas formas virtuales a trav\u00e9s del tel\u00e9fono! Y as\u00ed pudo intercambiar su obra con otros escritores radicados en Puerto Rico, M\u00e9jico, Texas, Chile, Cuba y Per\u00fa.<\/p>\n<p>Precisamente, en 2021 fue parte del jurado de \u201cEscritores sin Fronteras\u201d y del certamen realizado por el grupo \u201dOrganizaci\u00f3n Cultural Estrellas del Sur\u201d, de la ciudad de Santa Fe.<\/p>\n<p>Se muestra feliz y agradecida porque \u201cnunca imagin\u00e9 que llegar\u00eda a mi vida algo que hab\u00eda solicitado al universo\u201d.<\/p>\n<p>\u00a1Ah, la poes\u00eda\u2026!<\/p>\n<p>\u00a1Sigue siendo junto al amor,<\/p>\n<p>Manifestaci\u00f3n de mi alma!<\/p>\n<p>\u00a1Son dos pilares colosales<\/p>\n<p>Que se funden en uno\u2026!<\/p>\n<p>\u00a1Siempre vivos!<\/p>\n<p>\u00a1Siempre bellos<\/p>\n<p>y permanentes\u2026!<\/p>\n<p>\u00a1Concebidos y cristalizados,<\/p>\n<p>En matriz, de clara fuente\u2026!<\/p>\n<p>&nbsp;<\/p>\n<p>Letyana Press<\/p>\n","protected":false},"excerpt":{"rendered":"<p>Nacida en Ca\u00f1ada Omb\u00fa, en el norte del departamento Vera, la inquietud literaria surgida en su infancia le abri\u00f3 camino acompa\u00f1\u00e1ndola por donde quiera que vaya, conociendo lugares nuevos y a mucha gente que enriqueci\u00f3 su saber. Primero en Arroyito (C\u00f3rdoba) donde se incorpor\u00f3 a Los \u00c1lamos, una asociaci\u00f3n de ambiente bohemio conformada por m\u00fasicos [&hellip;]<\/p>\n","protected":false},"author":3,"featured_media":45044,"comment_status":"closed","ping_status":"closed","sticky":false,"template":"","format":"standard","meta":{"_joinchat":[],"footnotes":""},"categories":[51],"tags":[],"class_list":{"0":"post-45042","1":"post","2":"type-post","3":"status-publish","4":"format-standard","5":"has-post-thumbnail","7":"category-locales"},"_links":{"self":[{"href":"https:\/\/infovera.com.ar\/web\/wp-json\/wp\/v2\/posts\/45042","targetHints":{"allow":["GET"]}}],"collection":[{"href":"https:\/\/infovera.com.ar\/web\/wp-json\/wp\/v2\/posts"}],"about":[{"href":"https:\/\/infovera.com.ar\/web\/wp-json\/wp\/v2\/types\/post"}],"author":[{"embeddable":true,"href":"https:\/\/infovera.com.ar\/web\/wp-json\/wp\/v2\/users\/3"}],"replies":[{"embeddable":true,"href":"https:\/\/infovera.com.ar\/web\/wp-json\/wp\/v2\/comments?post=45042"}],"version-history":[{"count":0,"href":"https:\/\/infovera.com.ar\/web\/wp-json\/wp\/v2\/posts\/45042\/revisions"}],"wp:featuredmedia":[{"embeddable":true,"href":"https:\/\/infovera.com.ar\/web\/wp-json\/wp\/v2\/media\/45044"}],"wp:attachment":[{"href":"https:\/\/infovera.com.ar\/web\/wp-json\/wp\/v2\/media?parent=45042"}],"wp:term":[{"taxonomy":"category","embeddable":true,"href":"https:\/\/infovera.com.ar\/web\/wp-json\/wp\/v2\/categories?post=45042"},{"taxonomy":"post_tag","embeddable":true,"href":"https:\/\/infovera.com.ar\/web\/wp-json\/wp\/v2\/tags?post=45042"}],"curies":[{"name":"wp","href":"https:\/\/api.w.org\/{rel}","templated":true}]}}