{"id":45036,"date":"2023-07-02T12:36:40","date_gmt":"2023-07-02T15:36:40","guid":{"rendered":"https:\/\/infovera.com.ar\/web\/?p=45036"},"modified":"2023-07-05T09:04:09","modified_gmt":"2023-07-05T12:04:09","slug":"un-menor-de-la-gallareta-robo-una-moto-y-choco-con-una-familia-de-vera","status":"publish","type":"post","link":"https:\/\/infovera.com.ar\/web\/2023\/07\/02\/un-menor-de-la-gallareta-robo-una-moto-y-choco-con-una-familia-de-vera\/","title":{"rendered":"Un menor de La Gallareta rob\u00f3 una moto y choc\u00f3 con una familia de Vera"},"content":{"rendered":"<p><strong>A las 21:15 del s\u00e1bado, numerarios policiales de la Comisar\u00eda 1era. de Vera fueron comisionados por la operadora en turno a calle J.V. Gim\u00e9nez,<\/strong> entre sus similares Moreno y Belgrano, donde colisionaron una motocicleta Zanella ZB de color negro, y una Motomel Skua 150 cc, ambas sin patente.<\/p>\n<p>En la Zanella circulaban una joven de 17 a\u00f1os, un joven de 19 a\u00f1os y una ni\u00f1a de 1 a\u00f1o; en tanto que en la otra moto iba un joven de 15 a\u00f1os de edad, domiciliado en la localidad de La Gallareta. Los involucrados en el accidente fueron trasladados en ambulancia del SIES 107 para su atenci\u00f3n m\u00e9dica al Hospital local.<\/p>\n<p>En relaci\u00f3n a los veh\u00edculos intervinientes en el presente siniestro, los mismos fueron trasladados a sede policial para ser verificadas por personal de la Secci\u00f3n Automotores.<\/p>\n<p>As\u00ed, pudo establecerse que las caracet\u00edsticas de uno de los motoveh\u00edculos (la Motomel Skua) eran coincidentes con un veh\u00edculo denunciado como sustra\u00eddo\u00a0 omentos antes en la localidad de La Gallareta, hecho del que resultara damnificado un hombre de 44 a\u00f1os de se pueblo.<\/p>\n<p>Posteriormente, junto a personal de la Comisar\u00eda 5ta. de La Gallareta se realizaron los tr\u00e1mites de rigor; el menor de 15 a\u00f1os fue entregado a su progenitor.<\/p>\n<p>Se prosiguen diligenticas con Intervenci\u00f3n del Juzgado de Menores de la ciudad de Reconquista.<\/p>\n","protected":false},"excerpt":{"rendered":"<p>A las 21:15 del s\u00e1bado, numerarios policiales de la Comisar\u00eda 1era. de Vera fueron comisionados por la operadora en turno a calle J.V. Gim\u00e9nez, entre sus similares Moreno y Belgrano, donde colisionaron una motocicleta Zanella ZB de color negro, y una Motomel Skua 150 cc, ambas sin patente. En la Zanella circulaban una joven de [&hellip;]<\/p>\n","protected":false},"author":3,"featured_media":45032,"comment_status":"closed","ping_status":"closed","sticky":false,"template":"","format":"standard","meta":{"_joinchat":[],"footnotes":""},"categories":[53],"tags":[],"class_list":{"0":"post-45036","1":"post","2":"type-post","3":"status-publish","4":"format-standard","5":"has-post-thumbnail","7":"category-vera"},"_links":{"self":[{"href":"https:\/\/infovera.com.ar\/web\/wp-json\/wp\/v2\/posts\/45036","targetHints":{"allow":["GET"]}}],"collection":[{"href":"https:\/\/infovera.com.ar\/web\/wp-json\/wp\/v2\/posts"}],"about":[{"href":"https:\/\/infovera.com.ar\/web\/wp-json\/wp\/v2\/types\/post"}],"author":[{"embeddable":true,"href":"https:\/\/infovera.com.ar\/web\/wp-json\/wp\/v2\/users\/3"}],"replies":[{"embeddable":true,"href":"https:\/\/infovera.com.ar\/web\/wp-json\/wp\/v2\/comments?post=45036"}],"version-history":[{"count":0,"href":"https:\/\/infovera.com.ar\/web\/wp-json\/wp\/v2\/posts\/45036\/revisions"}],"wp:featuredmedia":[{"embeddable":true,"href":"https:\/\/infovera.com.ar\/web\/wp-json\/wp\/v2\/media\/45032"}],"wp:attachment":[{"href":"https:\/\/infovera.com.ar\/web\/wp-json\/wp\/v2\/media?parent=45036"}],"wp:term":[{"taxonomy":"category","embeddable":true,"href":"https:\/\/infovera.com.ar\/web\/wp-json\/wp\/v2\/categories?post=45036"},{"taxonomy":"post_tag","embeddable":true,"href":"https:\/\/infovera.com.ar\/web\/wp-json\/wp\/v2\/tags?post=45036"}],"curies":[{"name":"wp","href":"https:\/\/api.w.org\/{rel}","templated":true}]}}