{"id":45033,"date":"2023-07-02T12:27:51","date_gmt":"2023-07-02T15:27:51","guid":{"rendered":"https:\/\/infovera.com.ar\/web\/?p=45033"},"modified":"2023-07-03T09:55:12","modified_gmt":"2023-07-03T12:55:12","slug":"por-primera-vez-en-204-anos-la-banda-sinfonica-de-la-policia-fue-dirigida-por-una-mujer","status":"publish","type":"post","link":"https:\/\/infovera.com.ar\/web\/2023\/07\/02\/por-primera-vez-en-204-anos-la-banda-sinfonica-de-la-policia-fue-dirigida-por-una-mujer\/","title":{"rendered":"Por primera vez en 204 a\u00f1os, la Banda Sinf\u00f3nica de la Polic\u00eda fue dirigida por una mujer"},"content":{"rendered":"<p><strong>Un hecho hist\u00f3rico para la instituci\u00f3n policial.<\/strong><\/p>\n<p>El pasado viernes, la Banda Sinf\u00f3nica de la Polic\u00eda de la Provincia de Santa Fe tuvo el honor de ser dirigida por una mujer, la inspector Carina Stieb, quien tambi\u00e9n fue la primera mujer que integr\u00f3 esta banda de m\u00fasica all\u00e1 por enero del a\u00f1o 2007.<\/p>\n<p>Cabe destacar, que es la primera vez en sus 204 a\u00f1os de historia que la Banda Sinf\u00f3nica Policial es dirigida por una mujer y fue en el acto por el d\u00eda de la Bandera en la Escuela N\u00ba 483, Esteban Echeverr\u00eda de la ciudad de Santa Fe.<\/p>\n","protected":false},"excerpt":{"rendered":"<p>Un hecho hist\u00f3rico para la instituci\u00f3n policial. El pasado viernes, la Banda Sinf\u00f3nica de la Polic\u00eda de la Provincia de Santa Fe tuvo el honor de ser dirigida por una mujer, la inspector Carina Stieb, quien tambi\u00e9n fue la primera mujer que integr\u00f3 esta banda de m\u00fasica all\u00e1 por enero del a\u00f1o 2007. Cabe destacar, [&hellip;]<\/p>\n","protected":false},"author":3,"featured_media":45034,"comment_status":"closed","ping_status":"closed","sticky":false,"template":"","format":"standard","meta":{"_joinchat":[],"footnotes":""},"categories":[60],"tags":[],"class_list":{"0":"post-45033","1":"post","2":"type-post","3":"status-publish","4":"format-standard","5":"has-post-thumbnail","7":"category-provinciales"},"_links":{"self":[{"href":"https:\/\/infovera.com.ar\/web\/wp-json\/wp\/v2\/posts\/45033","targetHints":{"allow":["GET"]}}],"collection":[{"href":"https:\/\/infovera.com.ar\/web\/wp-json\/wp\/v2\/posts"}],"about":[{"href":"https:\/\/infovera.com.ar\/web\/wp-json\/wp\/v2\/types\/post"}],"author":[{"embeddable":true,"href":"https:\/\/infovera.com.ar\/web\/wp-json\/wp\/v2\/users\/3"}],"replies":[{"embeddable":true,"href":"https:\/\/infovera.com.ar\/web\/wp-json\/wp\/v2\/comments?post=45033"}],"version-history":[{"count":0,"href":"https:\/\/infovera.com.ar\/web\/wp-json\/wp\/v2\/posts\/45033\/revisions"}],"wp:featuredmedia":[{"embeddable":true,"href":"https:\/\/infovera.com.ar\/web\/wp-json\/wp\/v2\/media\/45034"}],"wp:attachment":[{"href":"https:\/\/infovera.com.ar\/web\/wp-json\/wp\/v2\/media?parent=45033"}],"wp:term":[{"taxonomy":"category","embeddable":true,"href":"https:\/\/infovera.com.ar\/web\/wp-json\/wp\/v2\/categories?post=45033"},{"taxonomy":"post_tag","embeddable":true,"href":"https:\/\/infovera.com.ar\/web\/wp-json\/wp\/v2\/tags?post=45033"}],"curies":[{"name":"wp","href":"https:\/\/api.w.org\/{rel}","templated":true}]}}